{"id":798,"date":"2023-07-05T23:53:48","date_gmt":"2023-07-06T02:53:48","guid":{"rendered":"https:\/\/lametro989.com\/?p=798"},"modified":"2023-07-05T23:53:48","modified_gmt":"2023-07-06T02:53:48","slug":"gobernadores-del-pj-apoyaron-la-candidatura-de-massa-y-anunciaron-a-wado-de-pedro-como-jefe-de-campana","status":"publish","type":"post","link":"https:\/\/lametro989.com\/?p=798","title":{"rendered":"Gobernadores del PJ apoyaron la candidatura de Massa y anunciaron a Wado De Pedro como jefe de campa\u00f1a"},"content":{"rendered":"\n<p>La f\u00f3rmula presidencial oficialista encabezada por\u00a0Sergio Massa, Agust\u00edn Rossi\u00a0y el ministro del Interior y precandidato a senador,\u00a0Wado De Pedro,\u00a0trazaron lineamientos de cara las PASO de Uni\u00f3n por la Patria,\u00a0en una reuni\u00f3n con\u00a0gobernadores del PJ\u00a0este mi\u00e9rcoles.<\/p>\n\n\n\n<figure class=\"wp-block-image size-full\"><img loading=\"lazy\" decoding=\"async\" width=\"850\" height=\"498\" src=\"https:\/\/lametro989.com\/wp-content\/uploads\/2023\/07\/imagen-57.png\" alt=\"\" class=\"wp-image-799\" srcset=\"https:\/\/lametro989.com\/wp-content\/uploads\/2023\/07\/imagen-57.png 850w, https:\/\/lametro989.com\/wp-content\/uploads\/2023\/07\/imagen-57-300x176.png 300w, https:\/\/lametro989.com\/wp-content\/uploads\/2023\/07\/imagen-57-768x450.png 768w, https:\/\/lametro989.com\/wp-content\/uploads\/2023\/07\/imagen-57-820x480.png 820w\" sizes=\"auto, (max-width: 850px) 100vw, 850px\" \/><\/figure>\n\n\n\n<p><strong>Los gobernadores y representantes de 13 provincias ratificaron este mi\u00e9rcoles en el Consejo Federal de Inversiones (CFI)<\/strong> la propuesta de &#8220;unidad y federalismo&#8221; que expresa la f\u00f3rmula presidencial de Uni\u00f3n por la Patria (UP) con Sergio Massa y Agust\u00edn Rossi, y resaltaron la importancia de encolumnar a todo el peronismo para enfrentar los desaf\u00edos del pa\u00eds &#8220;no s\u00f3lo de cara a estas elecciones, sino tambi\u00e9n porque est\u00e1 en juego el futuro del pa\u00eds&#8221;.<\/p>\n\n\n\n<p>En este marco, el precandidato presidencial Sergio Massa design\u00f3 al ministro del Interior, Eduardo &#8220;Wado&#8221; De Pedro, como su jefe de campa\u00f1a de cara a las elecciones nacionales. &#8220;El jefe de campa\u00f1a es Wado De Pedro&#8221;, <strong>confirm\u00f3 el gobernador de Tierra del Fuego, Gustavo Melella, en conferencia de prensa.<\/strong><\/p>\n\n\n\n<p>&#8220;Wado para los gobernadores representa el trabajo cotidiano de la argentina. Conoce perfectamente lo que pasa en todas las provincias. Uno piensa en un jefe de campa\u00f1a que englobe al federalismo y lo qu\u00e9 pasa en cada argentino y ese es Wado de Pedro&#8221;, insisti\u00f3 el mandatario de Tierra del Fuego, q<strong>ue celebr\u00f3 la unidad que el peronismo &#8220;pueda tener unidad&#8221; y &#8220;no que estemos pele\u00e1ndonos por unas PASO o unas elecciones que son una interna&#8221;.<\/strong><\/p>\n\n\n\n<p>Por su parte, el gobernador Axel Kicillof destac\u00f3 que &#8220;hubo compromiso de Sergio y de Agust\u00edn con esta visi\u00f3n de pa\u00eds. En este momento est\u00e1n en juego el modelo productivo, de inclusi\u00f3n y tambi\u00e9n el modelo federal&#8221;.<\/p>\n\n\n\n<p>Cabe resaltar que la confirmaci\u00f3n de Wado al frente de la campa\u00f1a es un claro gui\u00f1o de que la sociedad pol\u00edtica entre Massa y Cristina Kirchner est\u00e1 m\u00e1s s\u00f3lida que nunca. De Pedro es un hombre de m\u00e1xima confianza de la Vicepresidenta, <strong>que aval\u00f3 la llegada del ministro de Econom\u00eda a lo m\u00e1s alto de la lista de candidatos.<\/strong><\/p>\n\n\n\n<p><strong>Una de las sorpresas de la jornada fue la ausencia de Jorge Capitanich, quien en su lugar, envi\u00f3 a la vicegobernadora Rach Quiroga. <\/strong>Finalmente de la cita participaron los gobernadores Axel Kicillof (Buenos Aires), Gustavo Melella (Tierra del Fuego), Mariano Arcioni (Chubut), Oscar Herrera Ahuad (Misiones), Ricardo Quintela (La Rioja), Alicia Kirchner (Santa Cruz), Juan Manzur (Tucum\u00e1n), Gildo Insfran (Formosa), Gerardo Zamora (Santiago), Ra\u00fal Jalil (Catamarca), Sergio Ziliotto (La Pampa), &nbsp;Gustavo Bordet (Entre R\u00edos) y los vicegobernadores Osvaldo Jaldo (Tucum\u00e1n), Antonio Marocco (Salta) y Anal\u00eda Rach Quiroga (Chaco), entre otros.<\/p>\n","protected":false},"excerpt":{"rendered":"<p>La f\u00f3rmula presidencial oficialista encabezada por\u00a0Sergio Massa, Agust\u00edn Rossi\u00a0y el ministro del Interior y precandidato a senador,\u00a0Wado De Pedro,\u00a0trazaron lineamientos de cara las PASO de&hellip; <\/p>\n","protected":false},"author":2,"featured_media":799,"comment_status":"open","ping_status":"open","sticky":false,"template":"","format":"standard","meta":{"footnotes":""},"categories":[9,5],"tags":[],"class_list":["post-798","post","type-post","status-publish","format-standard","has-post-thumbnail","hentry","category-destacadas","category-politica"],"_links":{"self":[{"href":"https:\/\/lametro989.com\/index.php?rest_route=\/wp\/v2\/posts\/798","targetHints":{"allow":["GET"]}}],"collection":[{"href":"https:\/\/lametro989.com\/index.php?rest_route=\/wp\/v2\/posts"}],"about":[{"href":"https:\/\/lametro989.com\/index.php?rest_route=\/wp\/v2\/types\/post"}],"author":[{"embeddable":true,"href":"https:\/\/lametro989.com\/index.php?rest_route=\/wp\/v2\/users\/2"}],"replies":[{"embeddable":true,"href":"https:\/\/lametro989.com\/index.php?rest_route=%2Fwp%2Fv2%2Fcomments&post=798"}],"version-history":[{"count":1,"href":"https:\/\/lametro989.com\/index.php?rest_route=\/wp\/v2\/posts\/798\/revisions"}],"predecessor-version":[{"id":800,"href":"https:\/\/lametro989.com\/index.php?rest_route=\/wp\/v2\/posts\/798\/revisions\/800"}],"wp:featuredmedia":[{"embeddable":true,"href":"https:\/\/lametro989.com\/index.php?rest_route=\/wp\/v2\/media\/799"}],"wp:attachment":[{"href":"https:\/\/lametro989.com\/index.php?rest_route=%2Fwp%2Fv2%2Fmedia&parent=798"}],"wp:term":[{"taxonomy":"category","embeddable":true,"href":"https:\/\/lametro989.com\/index.php?rest_route=%2Fwp%2Fv2%2Fcategories&post=798"},{"taxonomy":"post_tag","embeddable":true,"href":"https:\/\/lametro989.com\/index.php?rest_route=%2Fwp%2Fv2%2Ftags&post=798"}],"curies":[{"name":"wp","href":"https:\/\/api.w.org\/{rel}","templated":true}]}}