{"id":802,"date":"2023-07-05T23:59:17","date_gmt":"2023-07-06T02:59:17","guid":{"rendered":"https:\/\/lametro989.com\/?p=802"},"modified":"2023-07-05T23:59:17","modified_gmt":"2023-07-06T02:59:17","slug":"voy-a-representar-a-los-tres-anuncio-el-abogado-osuna-sobre-la-unificacion-de-las-defensas-de-los-sena","status":"publish","type":"post","link":"https:\/\/lametro989.com\/?p=802","title":{"rendered":"\u201cVoy a representar a los tres\u201d, anunci\u00f3 el abogado Osuna sobre la unificaci\u00f3n de las defensas de los Sena"},"content":{"rendered":"\n<p>El letrado, que actualmente es defensor de C\u00e9sar Sena, visit\u00f3 primero a Emerenciano Sena en la Comisar\u00eda Tercera, quien firm\u00f3 un escrito para que lo represente desde ahora, y luego se dispon\u00eda a ingresar al Departamento de Violencia Familiar y de G\u00e9nero para reunirse con Marcela Acu\u00f1a para el mismo tr\u00e1mite.<\/p>\n\n\n\n<figure class=\"wp-block-image size-large\"><img loading=\"lazy\" decoding=\"async\" width=\"1024\" height=\"576\" src=\"https:\/\/lametro989.com\/wp-content\/uploads\/2023\/07\/imagen-58-1024x576.png\" alt=\"\" class=\"wp-image-803\" srcset=\"https:\/\/lametro989.com\/wp-content\/uploads\/2023\/07\/imagen-58-1024x576.png 1024w, https:\/\/lametro989.com\/wp-content\/uploads\/2023\/07\/imagen-58-300x169.png 300w, https:\/\/lametro989.com\/wp-content\/uploads\/2023\/07\/imagen-58-768x432.png 768w, https:\/\/lametro989.com\/wp-content\/uploads\/2023\/07\/imagen-58.png 1280w\" sizes=\"auto, (max-width: 1024px) 100vw, 1024px\" \/><\/figure>\n\n\n\n<p>El abogado Ricardo Osuna, actual defensor de C\u00e9sar Sena, visit\u00f3 esta noche la Comisar\u00eda Tercera de Resistencia, donde asegur\u00f3 que obtuvo la firma de Emerenciano Sena para que, desde ahora, lo represente en el expediente. Luego, hizo lo propio en el Departamento de Violencia Familiar y de G\u00e9nero, en Alvear 126, donde se reunir\u00eda con Marcela Acu\u00f1a, quien tambi\u00e9n firmar\u00eda el escrito que avale su representaci\u00f3n legal en la causa 2.632\/2023-1 \u201cSena, C\u00e9sar Mario Alejandro y otros s\/ femicidio\u201d.<\/p>\n\n\n\n<p><strong>\u201cVoy a representar a los tres\u201d, <\/strong>dijo el letrado ante medios presentes en el Departamento de Violencia Familiar, lugar donde est\u00e1 alojada Acu\u00f1a desde el 9 de junio pasado, cuando fue detenida como una de las imputadas por el supuesto femicidio de la joven.<\/p>\n\n\n\n<p><strong>\u201cEl pedido est\u00e1 firmado por Emerenciano, falta que firme Marcela y subirlo al sistema\u201d, agreg\u00f3.<\/strong><\/p>\n\n\n\n<figure class=\"wp-block-image\"><img decoding=\"async\" src=\"https:\/\/agenciafoco.com.ar\/media\/cache\/quality\/uploads\/noticias\/64a5f3c42103c076305913.jpg\" alt=\"\"\/><\/figure>\n\n\n\n<p>Osuna asegur\u00f3 que el dirigente social firm\u00f3 el escrito y pudieron dialogar sobre la junta m\u00e9dica que tendr\u00e1 lugar el viernes, y sobre los peritos de parte que participar\u00e1n.<\/p>\n\n\n\n<p>\u201cEstoy asumiendo la defensa de Emerenciano\u201d, contest\u00f3 a los medios sobre una consulta por la continuidad de Juan Carlos Saife en la defensa del dirigente social. Minutos antes, y en declaraciones a un canal porte\u00f1o, Saife hab\u00eda confirmado su renuncia a la representaci\u00f3n de Acu\u00f1a, y la continuidad en la defensa de Emerenciano.<\/p>\n\n\n\n<p>\u201cMe llam\u00f3 Patricia Acu\u00f1a, porque Marcela habr\u00eda tenido un entredicho con Saife. Y despu\u00e9s tambi\u00e9n me llam\u00f3 un familiar de Emerenciano, para que hable con \u00e9l\u201d, cont\u00f3 Osuna acerca de los detalles previos a este paso de asumir las defensas.<\/p>\n\n\n\n<p>\u201cLo vi desgastado. Ahora voy a leer su historia cl\u00ednica\u201d, cont\u00f3 sobre el dirigente. \u201cMe dijo que quer\u00eda hablar con Marcela, me hizo ese pedido\u201d, agreg\u00f3, revelando tambi\u00e9n que hizo un requerimiento ante el Equipo Fiscal Especial para que Marcela y C\u00e9sar Sena puedan reunirse. <strong>\u201cSer\u00e1 una entrevista clave en el tr\u00e1mite de la causa\u201d, afirm\u00f3.<\/strong><\/p>\n\n\n\n<h3 class=\"wp-block-heading\">\u201cNi una sola prueba contra Emerenciano\u201d<\/h3>\n\n\n\n<p>\u201cDesde el primer d\u00eda dije que no hab\u00eda una sola prueba en contra de Emerenciano. Es inocente y debe estar libre. Las declaraciones de Obreg\u00f3n, Melgarejo y de Marcela Acu\u00f1a dicen que el \u00fanico que no se ten\u00eda que enterar de lo que estaba pasando en la casa era \u00e9l\u201d, sostuvo Osuna.<\/p>\n\n\n\n<p>Por otra parte, indic\u00f3: <strong>\u201cMi postura es que C\u00e9sar siga en silencio hasta que la fiscal\u00eda acredite a qui\u00e9n pertenecen los restos (\u00f3seos). <\/strong>Luego veremos c\u00f3mo seguimos. Yo no soy Juan D\u00edaz (el primer abogado del joven imputado), yo defiendo hasta el juicio y hasta lo \u00faltimo\u201d, subray\u00f3, y revel\u00f3 que durante este mi\u00e9rcoles no pudo concretar la reuni\u00f3n prevista con C\u00e9sar Sena por una cuesti\u00f3n de horarios y otras obligaciones profesionales en otras causas.<\/p>\n\n\n\n<p>Por \u00faltimo, consider\u00f3 \u201catinadas\u201d las prisiones preventivas dictadas por el EFE, hasta tanto se dilucide si los restos \u00f3seos hallados y que se est\u00e1n peritando pertenecen a Cecilia. Y dijo que su presentaci\u00f3n de la apelaci\u00f3n, como defensor de C\u00e9sar Sena, fue s\u00f3lo una formalidad.<\/p>\n","protected":false},"excerpt":{"rendered":"<p>El letrado, que actualmente es defensor de C\u00e9sar Sena, visit\u00f3 primero a Emerenciano Sena en la Comisar\u00eda Tercera, quien firm\u00f3 un escrito para que lo&hellip; <\/p>\n","protected":false},"author":2,"featured_media":803,"comment_status":"open","ping_status":"open","sticky":false,"template":"","format":"standard","meta":{"footnotes":""},"categories":[13],"tags":[],"class_list":["post-802","post","type-post","status-publish","format-standard","has-post-thumbnail","hentry","category-nacionales"],"_links":{"self":[{"href":"https:\/\/lametro989.com\/index.php?rest_route=\/wp\/v2\/posts\/802","targetHints":{"allow":["GET"]}}],"collection":[{"href":"https:\/\/lametro989.com\/index.php?rest_route=\/wp\/v2\/posts"}],"about":[{"href":"https:\/\/lametro989.com\/index.php?rest_route=\/wp\/v2\/types\/post"}],"author":[{"embeddable":true,"href":"https:\/\/lametro989.com\/index.php?rest_route=\/wp\/v2\/users\/2"}],"replies":[{"embeddable":true,"href":"https:\/\/lametro989.com\/index.php?rest_route=%2Fwp%2Fv2%2Fcomments&post=802"}],"version-history":[{"count":1,"href":"https:\/\/lametro989.com\/index.php?rest_route=\/wp\/v2\/posts\/802\/revisions"}],"predecessor-version":[{"id":804,"href":"https:\/\/lametro989.com\/index.php?rest_route=\/wp\/v2\/posts\/802\/revisions\/804"}],"wp:featuredmedia":[{"embeddable":true,"href":"https:\/\/lametro989.com\/index.php?rest_route=\/wp\/v2\/media\/803"}],"wp:attachment":[{"href":"https:\/\/lametro989.com\/index.php?rest_route=%2Fwp%2Fv2%2Fmedia&parent=802"}],"wp:term":[{"taxonomy":"category","embeddable":true,"href":"https:\/\/lametro989.com\/index.php?rest_route=%2Fwp%2Fv2%2Fcategories&post=802"},{"taxonomy":"post_tag","embeddable":true,"href":"https:\/\/lametro989.com\/index.php?rest_route=%2Fwp%2Fv2%2Ftags&post=802"}],"curies":[{"name":"wp","href":"https:\/\/api.w.org\/{rel}","templated":true}]}}