{"id":805,"date":"2023-07-06T00:01:02","date_gmt":"2023-07-06T03:01:02","guid":{"rendered":"https:\/\/lametro989.com\/?p=805"},"modified":"2023-07-06T00:01:02","modified_gmt":"2023-07-06T03:01:02","slug":"el-incremento-de-los-casos-de-gripe-y-la-necesidad-de-vacunarse-y-mantener-los-cuidados-basicos","status":"publish","type":"post","link":"https:\/\/lametro989.com\/?p=805","title":{"rendered":"El incremento de los casos de gripe y la necesidad de vacunarse y mantener los cuidados b\u00e1sicos"},"content":{"rendered":"\n<p>En di\u00e1logo con CNN Resistencia (92.9) en el programa Los Primeros de la Tarde, el reconocido m\u00e9dico infect\u00f3logo Hugo Pizzi, repas\u00f3 las razones por la cuales hubo un aumento exponencial de casos de gripe en los \u00faltimos meses, que sumado a la poca pero continua circulaci\u00f3n del virus de la Covid, encienden las luces de alerta en lo que hace a no relajar los cuidados b\u00e1sicos para no contraer estas enfermedades que algunos casos pueden ser mortales.<\/p>\n\n\n\n<figure class=\"wp-block-image size-full\"><img loading=\"lazy\" decoding=\"async\" width=\"640\" height=\"367\" src=\"https:\/\/lametro989.com\/wp-content\/uploads\/2023\/07\/imagen-59.png\" alt=\"\" class=\"wp-image-806\" srcset=\"https:\/\/lametro989.com\/wp-content\/uploads\/2023\/07\/imagen-59.png 640w, https:\/\/lametro989.com\/wp-content\/uploads\/2023\/07\/imagen-59-300x172.png 300w\" sizes=\"auto, (max-width: 640px) 100vw, 640px\" \/><\/figure>\n\n\n\n<p>\u201cDesde enero hasta ac\u00e1 se dieron 245 muertos por Covid, que no parece un n\u00famero alto pero implica que no debemos dejar de lavarnos las manos y mantener los cuidados que todos conocemos\u201d, expres\u00f3.<\/p>\n\n\n\n<p>Otro punto que destac\u00f3 es el que tiene que ver con la necesidad de inmunizarse para las dos afecciones, con el prop\u00f3sito que siempre se marc\u00f3, que es atenuar los efectos adversos del cursado de las enfermedades.<\/p>\n\n\n\n<p>\u201cEl 80% de lo que se considera como poblaci\u00f3n de riesgo por tener enfermedades de base se vacun\u00f3 contra la Covid, es decir hay un porcentaje importante que no lo hizo y con la gripe lo mismo, eso debe mejorar y tambi\u00e9n las instituciones tener otras miradas, como algunas obras sociales que entendieron que proveer una vacuna gratis es mucho menos oneroso que una internaci\u00f3n\u201d, cerr\u00f3.<\/p>\n","protected":false},"excerpt":{"rendered":"<p>En di\u00e1logo con CNN Resistencia (92.9) en el programa Los Primeros de la Tarde, el reconocido m\u00e9dico infect\u00f3logo Hugo Pizzi, repas\u00f3 las razones por la&hellip; <\/p>\n","protected":false},"author":2,"featured_media":806,"comment_status":"open","ping_status":"open","sticky":false,"template":"","format":"standard","meta":{"footnotes":""},"categories":[13],"tags":[],"class_list":["post-805","post","type-post","status-publish","format-standard","has-post-thumbnail","hentry","category-nacionales"],"_links":{"self":[{"href":"https:\/\/lametro989.com\/index.php?rest_route=\/wp\/v2\/posts\/805","targetHints":{"allow":["GET"]}}],"collection":[{"href":"https:\/\/lametro989.com\/index.php?rest_route=\/wp\/v2\/posts"}],"about":[{"href":"https:\/\/lametro989.com\/index.php?rest_route=\/wp\/v2\/types\/post"}],"author":[{"embeddable":true,"href":"https:\/\/lametro989.com\/index.php?rest_route=\/wp\/v2\/users\/2"}],"replies":[{"embeddable":true,"href":"https:\/\/lametro989.com\/index.php?rest_route=%2Fwp%2Fv2%2Fcomments&post=805"}],"version-history":[{"count":1,"href":"https:\/\/lametro989.com\/index.php?rest_route=\/wp\/v2\/posts\/805\/revisions"}],"predecessor-version":[{"id":807,"href":"https:\/\/lametro989.com\/index.php?rest_route=\/wp\/v2\/posts\/805\/revisions\/807"}],"wp:featuredmedia":[{"embeddable":true,"href":"https:\/\/lametro989.com\/index.php?rest_route=\/wp\/v2\/media\/806"}],"wp:attachment":[{"href":"https:\/\/lametro989.com\/index.php?rest_route=%2Fwp%2Fv2%2Fmedia&parent=805"}],"wp:term":[{"taxonomy":"category","embeddable":true,"href":"https:\/\/lametro989.com\/index.php?rest_route=%2Fwp%2Fv2%2Fcategories&post=805"},{"taxonomy":"post_tag","embeddable":true,"href":"https:\/\/lametro989.com\/index.php?rest_route=%2Fwp%2Fv2%2Ftags&post=805"}],"curies":[{"name":"wp","href":"https:\/\/api.w.org\/{rel}","templated":true}]}}