{"id":808,"date":"2023-07-06T00:04:44","date_gmt":"2023-07-06T03:04:44","guid":{"rendered":"https:\/\/lametro989.com\/?p=808"},"modified":"2023-07-06T00:04:44","modified_gmt":"2023-07-06T03:04:44","slug":"diputados-sesiono-y-sanciono-leyes-sanitarias-y-educativas","status":"publish","type":"post","link":"https:\/\/lametro989.com\/?p=808","title":{"rendered":"Diputados sesion\u00f3 y sancion\u00f3 leyes sanitarias y educativas"},"content":{"rendered":"\n<p>La C\u00e1mara de Diputados provincial sancion\u00f3 este mi\u00e9rcoles ocho leyes, entre las cuales se encuentra la instituci\u00f3n del D\u00eda Provincial del S\u00edndrome de Gould, con el objeto de generar conciencia sobre la importancia del conocimiento y detecci\u00f3n temprana de esta enfermedad.<\/p>\n\n\n\n<figure class=\"wp-block-image size-full\"><img loading=\"lazy\" decoding=\"async\" width=\"696\" height=\"464\" src=\"https:\/\/lametro989.com\/wp-content\/uploads\/2023\/07\/imagen-60.png\" alt=\"\" class=\"wp-image-809\" srcset=\"https:\/\/lametro989.com\/wp-content\/uploads\/2023\/07\/imagen-60.png 696w, https:\/\/lametro989.com\/wp-content\/uploads\/2023\/07\/imagen-60-300x200.png 300w\" sizes=\"auto, (max-width: 696px) 100vw, 696px\" \/><\/figure>\n\n\n\n<p>Se conmemorar\u00e1 cada 12 de abril, fecha en la que el Poder Ejecutivo provincial a trav\u00e9s del Ministerio de Salud P\u00fablica propiciar\u00e1 el desarrollo de actividades de concientizaci\u00f3n, importancia de la detecci\u00f3n precoz y acciones tendientes a difundir las particularidades del S\u00edndrome de Gould en la sociedad en general y en las comunidades cient\u00edficas, educativas, culturales y laborales.<\/p>\n\n\n\n<p>Tambi\u00e9n se aprob\u00f3 una iniciativa impulsada por la titular del Poder Legislativo, Elida Cuesta, tambi\u00e9n se modificaron el R\u00e9gimen de Promociones Policiales en la provincial y el del personal, determinando que la promoci\u00f3n post mortem se dar\u00e1 cuando el polic\u00eda que hubiera realizado un acto de servicio y perdiera la vida, como consecuencia de las lesiones recibidas en el lugar y momento del mismo, ser\u00e1 ascendido al \u00faltimo grado jer\u00e1rquico del escalaf\u00f3n que corresponde, por decreto del Poder Ejecutivo , a propuesta de la Jefatura de Polic\u00eda.                                                                                                                                                         <strong>MANIOBRA DE HEIMLICH<\/strong><\/p>\n\n\n\n<p>Impulsada por el diputado Luis Obeid, el Poder Legislativo aprob\u00f3 la Ley N\u00ba&nbsp; 3851 -G, imponiendo esta obligatoriedad a los establecimientos gastron\u00f3micos, educativos tanto p\u00fablicos como privados y en lugares de concurrencia masiva como transporte p\u00fablico de pasajeros, estaciones de servicio, cine, clubes y otros espacios de recreaci\u00f3n, ubicados en todo el territorio provincial.<\/p>\n\n\n\n<p><\/p>\n\n\n\n<p>Deber\u00e1n exhibir carteles explicativos sobre c\u00f3mo efectuar la \u201cManiobra de Heimlich\u201d, t\u00e9cnica de compresi\u00f3n abdominal utilizada como procedimiento de primeros auxilios para desobstruir el conducto respiratorio, normalmente bloqueado por un trozo de alimento o cualquier otro objeto.<\/p>\n\n\n\n<h6 class=\"wp-block-heading\"><strong>FIBROMIALGIA<\/strong><\/h6>\n\n\n\n<p>Tambi\u00e9n la Legislatura provincial, con la finalidad de realizar campa\u00f1as de difusi\u00f3n de esta patolog\u00eda para la toma de conocimiento de la poblaci\u00f3n, instituy\u00f3 el d\u00eda 12 de Mayo de cada a\u00f1o como D\u00eda de concientizaci\u00f3n de la Fibromialgia.<\/p>\n\n\n\n<p>La Ley N\u00ba 3852 -G, impulsada por la diputada Andrea Charole y su acumulado de la diputada M\/C Mariel Gersel, determina que el Ministerio de Salud P\u00fablica adoptar\u00e1 las medidas necesarias para llevar adelante las acciones de concientizaci\u00f3n de sus agentes y profesionales y dem\u00e1s equipos que se desempe\u00f1en en el sector de la salud.<\/p>\n\n\n\n<h6 class=\"wp-block-heading\"><strong>ACOSO ESCOLAR<\/strong><\/h6>\n\n\n\n<p>Propuesta por el diputado Juan Jos\u00e9 Bergia, el Parlamento chaque\u00f1o, por medio de la Ley N\u00ba 3853 &#8211; E estableci\u00f3, en el \u00e1mbito provincial el D\u00eda de la Lucha contra el Acoso Escolar o Bullying, fecha que deber\u00e1 incorporarse al calendario escolar.<\/p>\n\n\n\n<p>La norma determina que&nbsp; el Ministerio de Educaci\u00f3n, Cultura, Ciencia y Tecnolog\u00eda realizar\u00e1 acciones de difusi\u00f3n vinculadas a la fecha, por medio de charlas, campa\u00f1as de concientizaci\u00f3n y toda otra actividad destinada a informar y sensibilizar a la poblaci\u00f3n sobre la detecci\u00f3n, difusi\u00f3n, divulgaci\u00f3n de las causas y las consecuencias de la problem\u00e1tica del acoso escolar o Bullying.<\/p>\n","protected":false},"excerpt":{"rendered":"<p>La C\u00e1mara de Diputados provincial sancion\u00f3 este mi\u00e9rcoles ocho leyes, entre las cuales se encuentra la instituci\u00f3n del D\u00eda Provincial del S\u00edndrome de Gould, con&hellip; <\/p>\n","protected":false},"author":2,"featured_media":809,"comment_status":"open","ping_status":"open","sticky":false,"template":"","format":"standard","meta":{"footnotes":""},"categories":[9,2],"tags":[],"class_list":["post-808","post","type-post","status-publish","format-standard","has-post-thumbnail","hentry","category-destacadas","category-provinciales"],"_links":{"self":[{"href":"https:\/\/lametro989.com\/index.php?rest_route=\/wp\/v2\/posts\/808","targetHints":{"allow":["GET"]}}],"collection":[{"href":"https:\/\/lametro989.com\/index.php?rest_route=\/wp\/v2\/posts"}],"about":[{"href":"https:\/\/lametro989.com\/index.php?rest_route=\/wp\/v2\/types\/post"}],"author":[{"embeddable":true,"href":"https:\/\/lametro989.com\/index.php?rest_route=\/wp\/v2\/users\/2"}],"replies":[{"embeddable":true,"href":"https:\/\/lametro989.com\/index.php?rest_route=%2Fwp%2Fv2%2Fcomments&post=808"}],"version-history":[{"count":1,"href":"https:\/\/lametro989.com\/index.php?rest_route=\/wp\/v2\/posts\/808\/revisions"}],"predecessor-version":[{"id":810,"href":"https:\/\/lametro989.com\/index.php?rest_route=\/wp\/v2\/posts\/808\/revisions\/810"}],"wp:featuredmedia":[{"embeddable":true,"href":"https:\/\/lametro989.com\/index.php?rest_route=\/wp\/v2\/media\/809"}],"wp:attachment":[{"href":"https:\/\/lametro989.com\/index.php?rest_route=%2Fwp%2Fv2%2Fmedia&parent=808"}],"wp:term":[{"taxonomy":"category","embeddable":true,"href":"https:\/\/lametro989.com\/index.php?rest_route=%2Fwp%2Fv2%2Fcategories&post=808"},{"taxonomy":"post_tag","embeddable":true,"href":"https:\/\/lametro989.com\/index.php?rest_route=%2Fwp%2Fv2%2Ftags&post=808"}],"curies":[{"name":"wp","href":"https:\/\/api.w.org\/{rel}","templated":true}]}}