{"id":814,"date":"2023-07-06T00:13:58","date_gmt":"2023-07-06T03:13:58","guid":{"rendered":"https:\/\/lametro989.com\/?p=814"},"modified":"2023-07-06T00:13:58","modified_gmt":"2023-07-06T03:13:58","slug":"la-oposicion-no-logro-el-respaldo-parlamentario-para-derogar-la-ley-de-alquileres","status":"publish","type":"post","link":"https:\/\/lametro989.com\/?p=814","title":{"rendered":"La oposici\u00f3n no logr\u00f3 el respaldo parlamentario para derogar la Ley de Alquileres"},"content":{"rendered":"\n<p>En una discusi\u00f3n caliente, la cuesti\u00f3n de la Ley de Alquileres, no prevista en el temario de este mi\u00e9rcoles, fue tra\u00edda al recinto de la C\u00e1mara de Diputados por la oposici\u00f3n, que en un primer intento fracas\u00f3 en que se trate un proyecto sobre tablas que propone su derogaci\u00f3n, pero que, en segundo t\u00e9rmino, logr\u00f3 poner contra las cuerdas al oficialismo para que se solicite una sesi\u00f3n especial para debatir el tema el pr\u00f3ximo 23 de agosto.<\/p>\n\n\n\n<figure class=\"wp-block-image size-full\"><img loading=\"lazy\" decoding=\"async\" width=\"696\" height=\"464\" src=\"https:\/\/lametro989.com\/wp-content\/uploads\/2023\/07\/imagen-62.png\" alt=\"\" class=\"wp-image-815\" srcset=\"https:\/\/lametro989.com\/wp-content\/uploads\/2023\/07\/imagen-62.png 696w, https:\/\/lametro989.com\/wp-content\/uploads\/2023\/07\/imagen-62-300x200.png 300w\" sizes=\"auto, (max-width: 696px) 100vw, 696px\" \/><\/figure>\n\n\n\n<p>Todo comenz\u00f3 con un pedido de apartamiento del reglamento planteado por el diputado macrista Hern\u00e1n Lombardi, que requer\u00eda de las tres cuartas partes, y result\u00f3 rechazado con 102 afirmativos, 113 negativos y 9 abstenciones.<\/p>\n\n\n\n<p>Tras esa votaci\u00f3n, el jefe del bloque radical, Mario Negri, tom\u00f3 la palabra. \u201cEsto no es demagogia, cinismo ni aprovechamiento electoral\u201d, afirm\u00f3 y pidi\u00f3 una moci\u00f3n para que, por simple mayor\u00eda, se vote convocar a una sesi\u00f3n especial para el pr\u00f3ximo 23 de agosto, despu\u00e9s de las PASO. Entonces, se abri\u00f3 un debate reglamentario que lo tuvo como protagonista a \u00e9l y al presidente del Frente de Todos, Germ\u00e1n Mart\u00ednez.<\/p>\n\n\n\n<p>Cuando el acuerdo parec\u00eda no aparecer, la secretaria parlamentaria del bloque oficialista, Paula Penacca, explic\u00f3 que ya que esa forma de convocar a una sesi\u00f3n no figuraba en el reglamento, \u201csi la oposici\u00f3n quiere hacer una sesi\u00f3n especial con este tema que presente las diez firmas, que usted (a la presidenta) va a tener la obligaci\u00f3n de convocar, pero que se pongan de acuerdo si van a querer tratar all\u00ed el proyecto del diputado Lombardi o si van a querer tratar el dictamen de mayor\u00eda y minor\u00eda\u201d, en referencia a los textos que ya tienen despacho de comisi\u00f3n y nunca se llevaron al recinto.<\/p>\n\n\n\n<p><\/p>\n\n\n\n<p>A continuaci\u00f3n, la secretaria parlamentaria de Juntos por el Cambio, Silvia Lospennato, propuso \u201ccircular por las pr\u00f3ximas dos horas un pedido de sesi\u00f3n especial\u201d que \u201cvamos a someter a la firma de todos los presidentes de bloques de esta C\u00e1mara. Entonces va a quedar claro qu\u00e9 bloques lo quieren tratar\u201d.<\/p>\n\n\n\n<h6 class=\"wp-block-heading\"><strong>DEBATE<\/strong><\/h6>\n\n\n\n<p>Al proponer el tratamiento de su proyecto de derogaci\u00f3n de la Ley 27.551, Lombardi anticip\u00f3: \u201cVamos a hacer esto todas las veces que haga falta para reflexionar un poco d\u00f3nde estamos parados. A tres a\u00f1os de la vigencia de la Ley de Alquileres, hay valores que subieron un 600%. Los inquilinos est\u00e1n absolutamente sufrientes, porque se retir\u00f3 la oferta. No hay oferta\u201d.<\/p>\n\n\n\n<p>\u201cEs una ley que no funcion\u00f3, nosotros decimos que tambi\u00e9n cont\u00f3 con la anuencia de nuestro bloque, pero es una cat\u00e1strofe\u201d, continu\u00f3 y resalt\u00f3 que \u201clos inquilinos est\u00e1n angustiados y los propietarios est\u00e1n espantados\u201d. \u201cPor supuesto que el deterioro del salario real, al cual han llevado las err\u00e1ticas pol\u00edticas de este desgobierno, no tiene parang\u00f3n por lo menos en la historia de la democracia argentina\u201d, fustig\u00f3.<\/p>\n\n\n\n<p>El macrista habl\u00f3 de que en algunos barrios de la Ciudad, \u201cel aumento intermensual es del 19%\u201d en los alquileres. \u201cEste Gobierno fracas\u00f3, no van a poder corregir grandes cosas en los meses que le quedan, lo que podr\u00edamos hacer es no agregar sufrimiento al sufrimiento y angustia a la angustia\u201d, reclam\u00f3.<\/p>\n\n\n\n<p>Y desafi\u00f3: \u201cConsulten al presidente (Alberto Fern\u00e1ndez), que no ejerce, a vuestra jefa pol\u00edtica (Cristina Kirchner), al ministro (Sergio Massa), que adem\u00e1s es candidato. Pero ser\u00eda mejor quiz\u00e1s no consultar a ninguno de los jefes, escuchen a la gente que est\u00e1 sufriendo todos los d\u00edas\u201d.<\/p>\n\n\n\n<p>En contra de la propuesta, la diputada del Frente de Izquierda Myriam Bregman se\u00f1al\u00f3 que esa iniciativa \u201cno ataca a la Ley de Alquileres por las deficiencias que tiene, sino lo que se pretende es dejarle las manos libres al mercado inmobiliario\u201d. \u201cLa ley claramente tiene muchas cr\u00edticas, pero ac\u00e1 se la trata de empeorar y no de mejorar para los inquilinos\u201d, agreg\u00f3.<\/p>\n","protected":false},"excerpt":{"rendered":"<p>En una discusi\u00f3n caliente, la cuesti\u00f3n de la Ley de Alquileres, no prevista en el temario de este mi\u00e9rcoles, fue tra\u00edda al recinto de la&hellip; <\/p>\n","protected":false},"author":2,"featured_media":815,"comment_status":"open","ping_status":"open","sticky":false,"template":"","format":"standard","meta":{"footnotes":""},"categories":[5],"tags":[],"class_list":["post-814","post","type-post","status-publish","format-standard","has-post-thumbnail","hentry","category-politica"],"_links":{"self":[{"href":"https:\/\/lametro989.com\/index.php?rest_route=\/wp\/v2\/posts\/814","targetHints":{"allow":["GET"]}}],"collection":[{"href":"https:\/\/lametro989.com\/index.php?rest_route=\/wp\/v2\/posts"}],"about":[{"href":"https:\/\/lametro989.com\/index.php?rest_route=\/wp\/v2\/types\/post"}],"author":[{"embeddable":true,"href":"https:\/\/lametro989.com\/index.php?rest_route=\/wp\/v2\/users\/2"}],"replies":[{"embeddable":true,"href":"https:\/\/lametro989.com\/index.php?rest_route=%2Fwp%2Fv2%2Fcomments&post=814"}],"version-history":[{"count":1,"href":"https:\/\/lametro989.com\/index.php?rest_route=\/wp\/v2\/posts\/814\/revisions"}],"predecessor-version":[{"id":816,"href":"https:\/\/lametro989.com\/index.php?rest_route=\/wp\/v2\/posts\/814\/revisions\/816"}],"wp:featuredmedia":[{"embeddable":true,"href":"https:\/\/lametro989.com\/index.php?rest_route=\/wp\/v2\/media\/815"}],"wp:attachment":[{"href":"https:\/\/lametro989.com\/index.php?rest_route=%2Fwp%2Fv2%2Fmedia&parent=814"}],"wp:term":[{"taxonomy":"category","embeddable":true,"href":"https:\/\/lametro989.com\/index.php?rest_route=%2Fwp%2Fv2%2Fcategories&post=814"},{"taxonomy":"post_tag","embeddable":true,"href":"https:\/\/lametro989.com\/index.php?rest_route=%2Fwp%2Fv2%2Ftags&post=814"}],"curies":[{"name":"wp","href":"https:\/\/api.w.org\/{rel}","templated":true}]}}