{"id":828,"date":"2023-07-06T22:58:29","date_gmt":"2023-07-07T01:58:29","guid":{"rendered":"https:\/\/lametro989.com\/?p=828"},"modified":"2023-07-06T22:58:29","modified_gmt":"2023-07-07T01:58:29","slug":"diputados-voto-declarar-duelo-nacional-el-18-de-julio-por-atentado-a-la-amia","status":"publish","type":"post","link":"https:\/\/lametro989.com\/?p=828","title":{"rendered":"Diputados vot\u00f3 declarar Duelo Nacional el 18 de julio por atentado a la AMIA"},"content":{"rendered":"\n<p>Entre los votos negativos se encuentran los de los diputados de Libertad Avanza, Milei y Villarruel, en tanto que las abstenciones fueron de cuatro diputados del Frente de Izquierda, una diputada de la Coalici\u00f3n C\u00edvica y otra de Creo en Tucum\u00e1n.<\/p>\n\n\n\n<figure class=\"wp-block-image size-large\"><img loading=\"lazy\" decoding=\"async\" width=\"1024\" height=\"683\" src=\"https:\/\/lametro989.com\/wp-content\/uploads\/2023\/07\/imagen-66-1024x683.png\" alt=\"\" class=\"wp-image-829\" srcset=\"https:\/\/lametro989.com\/wp-content\/uploads\/2023\/07\/imagen-66-1024x683.png 1024w, https:\/\/lametro989.com\/wp-content\/uploads\/2023\/07\/imagen-66-300x200.png 300w, https:\/\/lametro989.com\/wp-content\/uploads\/2023\/07\/imagen-66-768x512.png 768w, https:\/\/lametro989.com\/wp-content\/uploads\/2023\/07\/imagen-66.png 1280w\" sizes=\"auto, (max-width: 1024px) 100vw, 1024px\" \/><\/figure>\n\n\n\n<p>La C\u00e1mara de Diputados aprob\u00f3 este jueves por amplia mayor\u00eda un proyecto para declarar D\u00eda de Duelo Nacional el 18 de julio, en homenaje a las v\u00edctimas del atentado contra la AMIA, que fue votado en contra por los diputados de La Libertad Avanza Javier Milei, y Victoria Villarruel.<\/p>\n\n\n\n<p><strong>El proyecto, que fue votado en un paquete junto a otras 8 iniciativas sin disidencias y sin debate pasada la madrugada, result\u00f3 aprobado por 171 sufragios a favor, tres negativos y seis abstenciones, y ahora pasa al Senado para su sanci\u00f3n definitiva.<\/strong><\/p>\n\n\n\n<p>Entre los votos negativos se encuentran los de los diputados de Libertad Avanza, Milei y Villarruel, en tanto que las abstenciones fueron de cuatro diputados del Frente de Izquierda, una diputada de la Coalici\u00f3n C\u00edvica y otra de Creo en Tucum\u00e1n.<\/p>\n\n\n\n<p><strong>Si bien al principio el diputado del Frente de Todos (FdT) Sergio Palazzo aparec\u00eda votando en contra, luego el legislador aclar\u00f3 que se trat\u00f3 de un error, seg\u00fan consta en la versi\u00f3n taquigr\u00e1fica, pero no en el acta de votaci\u00f3n.<\/strong><\/p>\n\n\n\n<p>Palazzo precis\u00f3 en su cuenta de Twitter que &#8220;en el d\u00eda de ayer en la C\u00e1mara de Diputados se vot\u00f3 un conjunto de temas con apartamiento del orden del d\u00eda sobre el que hubo acuerdo de los distintos partidos pol\u00edticos, entre ellos Fe de Vida y otros importantes proyectos&#8221;.<\/p>\n\n\n\n<p>&#8220;Por error se consign\u00f3 mi voto como negativo a esos proyectos, pero luego solicit\u00e9 la correcci\u00f3n del mismo, ya que mi voto fue afirmativo acompa\u00f1ando esos proyectos&#8221;, aclar\u00f3 Palazzo.<\/p>\n\n\n\n<p>Por su parte, la diputada Villarruel explic\u00f3 los motivos por los cuales rechaz\u00f3 ese conjunto de leyes al afirmar que &#8220;a las 12 de la noche metieron un paquete de 8 proyectos y en 5 minutos pretend\u00edan que sin saber de qu\u00e9 trataban votemos. Con @JMilei votamos no. No votamos sin leer ni analizar las leyes que declaran u obligan al pueblo argentino&#8221;.<\/p>\n\n\n\n<p><strong>Por su parte, la Delegaci\u00f3n de Asociaciones Israelitas Argentinas expres\u00f3 que &#8220;felicita &#8220;a los 171 diputados que votaron a favor del proyecto para declarar D\u00eda de Duelo Nacional el 18 de julio en homenaje a las v\u00edctimas del atentado perpetrado contra la sede de AMIA-DAIA&#8221;.<\/strong><\/p>\n\n\n\n<p>Adem\u00e1s expres\u00f3 que &#8220;deplora los votos negativos de Milei, Villarruel, y las abstenciones de Nicol\u00e1s del Ca\u00f1o, Romina del Pl\u00e1, Alejandro Vilca, y Myriam Bregman del Frente de Izquierda; M\u00f3nica Frade de la Coalici\u00f3n C\u00edvica y Paula Omodeo de Creo en Tucum\u00e1n&#8221;.<\/p>\n\n\n\n<p><strong>En el comunicado publicado en Twitter, la DAIA tambi\u00e9n dijo que &#8220;este abrumador respaldo de la gran mayor\u00eda del arco pol\u00edtico del pa\u00eds es una clara y esperanzadora muestra de como diferencias pol\u00edticas pueden ser superadas cuando se necesitan alcanzar acuerdos de inter\u00e9s nacional&#8221;.<\/strong><\/p>\n\n\n\n<p><strong>La iniciativa de la diputada del PRO Sabrina Ajmechet declara el 18 de julio de cada a\u00f1o como D\u00eda de Duelo Nacional, en homenaje a las v\u00edctimas del atentado terrorista perpetrado en 1994 en la sede de la AMIA -donde tambi\u00e9n funciona la DAIA-, que provoc\u00f3 85 muertos y cerca de 300 heridos.<\/strong><\/p>\n\n\n\n<p>De acuerdo al texto, durante ese d\u00eda la bandera nacional permanecer\u00e1 izada a media asta en los edificios y lugares p\u00fablicos, en los que se promover\u00e1 la realizaci\u00f3n de actividades alusivas.<\/p>\n\n\n\n<p>Asimismo, seg\u00fan el proyecto, el Ministerio de Educaci\u00f3n, mediante el Consejo Federal de Educaci\u00f3n, en coordinaci\u00f3n con las autoridades educativas de las provincias y la Ciudad Aut\u00f3noma de Buenos Aires, dispondr\u00e1 los medios necesarios a fin de que los establecimientos primarios y secundarios de gesti\u00f3n p\u00fablica y privada, organicen y desarrollen actividades conmemorativas para esa fecha.<\/p>\n\n\n\n<p><em>Fuente: T\u00e9lam<\/em><\/p>\n","protected":false},"excerpt":{"rendered":"<p>Entre los votos negativos se encuentran los de los diputados de Libertad Avanza, Milei y Villarruel, en tanto que las abstenciones fueron de cuatro diputados&hellip; <\/p>\n","protected":false},"author":2,"featured_media":829,"comment_status":"open","ping_status":"open","sticky":false,"template":"","format":"standard","meta":{"footnotes":""},"categories":[13],"tags":[],"class_list":["post-828","post","type-post","status-publish","format-standard","has-post-thumbnail","hentry","category-nacionales"],"_links":{"self":[{"href":"https:\/\/lametro989.com\/index.php?rest_route=\/wp\/v2\/posts\/828","targetHints":{"allow":["GET"]}}],"collection":[{"href":"https:\/\/lametro989.com\/index.php?rest_route=\/wp\/v2\/posts"}],"about":[{"href":"https:\/\/lametro989.com\/index.php?rest_route=\/wp\/v2\/types\/post"}],"author":[{"embeddable":true,"href":"https:\/\/lametro989.com\/index.php?rest_route=\/wp\/v2\/users\/2"}],"replies":[{"embeddable":true,"href":"https:\/\/lametro989.com\/index.php?rest_route=%2Fwp%2Fv2%2Fcomments&post=828"}],"version-history":[{"count":1,"href":"https:\/\/lametro989.com\/index.php?rest_route=\/wp\/v2\/posts\/828\/revisions"}],"predecessor-version":[{"id":830,"href":"https:\/\/lametro989.com\/index.php?rest_route=\/wp\/v2\/posts\/828\/revisions\/830"}],"wp:featuredmedia":[{"embeddable":true,"href":"https:\/\/lametro989.com\/index.php?rest_route=\/wp\/v2\/media\/829"}],"wp:attachment":[{"href":"https:\/\/lametro989.com\/index.php?rest_route=%2Fwp%2Fv2%2Fmedia&parent=828"}],"wp:term":[{"taxonomy":"category","embeddable":true,"href":"https:\/\/lametro989.com\/index.php?rest_route=%2Fwp%2Fv2%2Fcategories&post=828"},{"taxonomy":"post_tag","embeddable":true,"href":"https:\/\/lametro989.com\/index.php?rest_route=%2Fwp%2Fv2%2Ftags&post=828"}],"curies":[{"name":"wp","href":"https:\/\/api.w.org\/{rel}","templated":true}]}}