{"id":836,"date":"2023-07-06T23:04:25","date_gmt":"2023-07-07T02:04:25","guid":{"rendered":"https:\/\/lametro989.com\/?p=836"},"modified":"2023-07-06T23:04:25","modified_gmt":"2023-07-07T02:04:25","slug":"alberto-fernandez-cristina-kirchner-y-sergio-massa-inauguraran-el-nuevo-gasoducto","status":"publish","type":"post","link":"https:\/\/lametro989.com\/?p=836","title":{"rendered":"Alberto Fern\u00e1ndez, Cristina Kirchner y Sergio Massa inaugurar\u00e1n el nuevo gasoducto"},"content":{"rendered":"\n<p>La obra, planteada como emblem\u00e1tica por la actual administraci\u00f3n, est\u00e1 destinada a &#8220;transformar la matriz energ\u00e9tica y productiva&#8221; del pa\u00eds.<\/p>\n\n\n\n<figure class=\"wp-block-image size-large\"><img loading=\"lazy\" decoding=\"async\" width=\"1024\" height=\"576\" src=\"https:\/\/lametro989.com\/wp-content\/uploads\/2023\/07\/imagen-70-1024x576.png\" alt=\"\" class=\"wp-image-837\" srcset=\"https:\/\/lametro989.com\/wp-content\/uploads\/2023\/07\/imagen-70-1024x576.png 1024w, https:\/\/lametro989.com\/wp-content\/uploads\/2023\/07\/imagen-70-300x169.png 300w, https:\/\/lametro989.com\/wp-content\/uploads\/2023\/07\/imagen-70-768x432.png 768w, https:\/\/lametro989.com\/wp-content\/uploads\/2023\/07\/imagen-70.png 1200w\" sizes=\"auto, (max-width: 1024px) 100vw, 1024px\" \/><\/figure>\n\n\n\n<p>El presidente Alberto Fern\u00e1ndez, la vicepresidenta Cristina Fern\u00e1ndez de Kirchner y el ministro de Econom\u00eda y precandidato presidencial, Sergio Massa, encabezar\u00e1n el domingo pr\u00f3ximo el acto de inauguraci\u00f3n del Gasoducto Presidente N\u00e9stor Kirchner (GPNK) en la ciudad bonaerense de Salliquel\u00f3, en lo que ser\u00e1 adem\u00e1s la oportunidad de exhibir la primera foto de unidad de la coalici\u00f3n oficialista para las PASO del 13 de agosto.<\/p>\n\n\n\n<p><strong>Un comunicado emitido por la empresa Energ\u00eda Argentina (Enarsa) fue el encargado de confirmar oficialmente la actividad, que tendr\u00e1 lugar a las 15 en la Estaci\u00f3n de Medici\u00f3n Salliquel\u00f3 del gasoducto, en la ruta provincial 85, altura kil\u00f3metro 285 (junto a la planta compresora Saturno), donde se conecta con la red troncal.<\/strong><\/p>\n\n\n\n<p>La obra, planteada como emblem\u00e1tica por la actual administraci\u00f3n, est\u00e1 destinada a &#8220;transformar la matriz energ\u00e9tica y productiva&#8221; del pa\u00eds.<\/p>\n\n\n\n<p>Participar\u00e1n tambi\u00e9n los gobernadores de la provincia de Buenos Aires, Axel Kicillof; de Neuqu\u00e9n, Omar Guti\u00e9rrez; de La Pampa, Sergio Ziliotto, y de R\u00edo Negro, Arabella Carreras, adem\u00e1s del diputado nacional M\u00e1ximo Kirchner, entre otros funcionarios nacionales y provinciales, representantes de empresas y dirigentes gremiales.<\/p>\n\n\n\n<p><strong>En coincidencia con la fecha en la que se conmemora la Declaraci\u00f3n de la Independencia del 9 de julio de 1816, se realizar\u00e1 la inauguraci\u00f3n formal del gasoducto, que tiene una extensi\u00f3n de 573 kil\u00f3metros y conecta Tratay\u00e9n, en la provincia de Neuqu\u00e9n, con Salliquel\u00f3, en Buenos Aires.<\/strong><\/p>\n\n\n\n<p>El 20 de junio pasado concluyeron las obras y se habilit\u00f3 la planta EMED Tratay\u00e9n, en Neuqu\u00e9n, y los primeros 29 kil\u00f3metros, mientras que en los sucesivos d\u00edas se fueron poniendo en funcionamiento nuevos tramos hasta alcanzar el kil\u00f3metro 285 de la traza, consign\u00f3 Enarsa.<\/p>\n\n\n\n<p><strong>El s\u00e1bado, un d\u00eda antes del acto, se abrir\u00e1 la v\u00e1lvula del kil\u00f3metro 285 que habilitar\u00e1 hasta el kil\u00f3metro 570, para que el gas pueda fluir hasta Salliquel\u00f3 y continuar as\u00ed hasta alcanzar el llenado total de los 573 kil\u00f3metros del gasoducto.<\/strong><\/p>\n\n\n\n<p>En lo pol\u00edtico, esa ciudad del oeste bonaerense ser\u00e1 el escenario donde se exhibir\u00e1 la primera foto pol\u00edtica de unidad de UxP tras el cierre de listas para las PASO del 13 de agosto.<\/p>\n\n\n\n<p><strong>Participar\u00e1n tambi\u00e9n el jefe de Gabinete y precandidato a vicepresidente, Agust\u00edn Rossi, y el ministro del Interior, jefe de campa\u00f1a y precandidato a senador por la provincia de Buenos Aires, Eduardo &#8216;Wado&#8217; de Pedro, entre otros dirigentes.<\/strong><\/p>\n\n\n\n<p>Las im\u00e1genes del acto se corresponder\u00e1n con el eje vertebral de la campa\u00f1a que impulsa UxP: unidad y gesti\u00f3n.<\/p>\n\n\n\n<p>Este jueves, desde Catamarca, el presidente Fern\u00e1ndez afirm\u00f3 que el pr\u00f3ximo domingo se va a &#8220;declarar la independencia energ\u00e9tica&#8221; cuando se d\u00e9 por terminado el GPNK.<\/p>\n\n\n\n<p><strong>&#8220;Es una obra que comenzamos en plena pandemia y la terminamos en tiempo r\u00e9cord, que cruza toda la Argentina desde los Andes hasta el centro de Buenos Aires. Para el segundo tramo vamos a llamar a licitaci\u00f3n antes de que termine este gobierno. Son d\u00f3lares que ingresan para la Argentina que los necesita&#8221;, destac\u00f3 el mandatario durante un acto de entrega de viviendas.<\/strong><\/p>\n\n\n\n<p>Si bien la del domingo ser\u00e1 la primera gran foto de unidad del peronismo a nivel nacional, ya hubo en la provincia de Buenos Aires un acto pol\u00edtico al que asistieron referentes bonaerenses de UxP como Massa, Kicillof, Kirchner, De Pedro y Mart\u00edn Insaurralde.<\/p>\n\n\n\n<p><strong>Fue el pasado 26 de junio, dos d\u00edas despu\u00e9s del cierre de listas, y para el lanzamiento de la precandidatura de Federico Otermin a la intendencia de Lomas de Zamora.<\/strong><\/p>\n\n\n\n<p>Massa, Rossi y De Pedro mantuvieron el mi\u00e9rcoles en el CFI un encuentro con los gobernadores peronistas y de fuerzas aliadas, donde la f\u00f3rmula oficial cosech\u00f3 un &#8220;contundente&#8221; respaldo.<\/p>\n\n\n\n<p>Desde la mesa de coordinaci\u00f3n de la difusi\u00f3n de UxP adelantaron que el eje central de los spots de campa\u00f1a, que comenzar\u00e1n a difundirse el pr\u00f3ximo domingo en los medios de comunicaci\u00f3n, ser\u00e1 el de la &#8220;gesti\u00f3n basada en la unidad para el futuro del pa\u00eds&#8221;.<\/p>\n\n\n\n<p>Con un perfil discursivo que apunta a tener llegada a los m\u00e1s j\u00f3venes, Massa, public\u00f3 en las \u00faltimas horas un nuevo video en la cuenta de TikTok del Frente Renovador (FR), denominado &#8216;Massarap&#8217; Music Sessions #01, en el que se enfoca en esos ejes.<\/p>\n\n\n\n<p><strong>&#8220;En la uni\u00f3n y no en la divisi\u00f3n&#8221;, afirma Massa en un clip audiovisual de 34 segundos que mezcla im\u00e1genes suyas con escenas de la construcci\u00f3n del GPNK y del desarrollo de Vaca Muerta.<\/strong><\/p>\n\n\n\n<p>La portavoz presidencial, Gabriela Cerruti, destac\u00f3 esta ma\u00f1ana en rueda de prensa que la obra del gasoducto, que inicialmente iba a realizarse en 24 meses, se haya concluido en ocho, en un &#8220;tiempo r\u00e9cord&#8221;, y sostuvo que esas tareas generaron &#8220;m\u00e1s de 50.000 puestos de trabajo&#8221;.<\/p>\n\n\n\n<p>Cerruti record\u00f3 que el GPNK &#8220;se hab\u00eda iniciado en 2014 durante el Gobierno de Cristina Fern\u00e1ndez de Kirchner&#8221;, pero la gesti\u00f3n de Mauricio Macri lo discontinu\u00f3.<\/p>\n\n\n\n<p><strong>El gasoducto atraviesa las provincias de Neuqu\u00e9n, R\u00edo Negro y todo el territorio pampeano, hasta llegar -por ahora- a Salliquel\u00f3, donde se inyecta con la red troncal existente de 573 kil\u00f3metros de tuber\u00edas, una construcci\u00f3n que tard\u00f3 menos de 10 meses.<\/strong><\/p>\n\n\n\n<p>Desde los despachos oficiales tambi\u00e9n se recuerda que el Impuesto a las Grandes Fortunas -un proyecto de ley que impuls\u00f3 M\u00e1ximo Kirchner- fue el que financi\u00f3 el 25% de la obra.<\/p>\n\n\n\n<p><em>Fuente: T\u00e9lam<\/em><\/p>\n","protected":false},"excerpt":{"rendered":"<p>La obra, planteada como emblem\u00e1tica por la actual administraci\u00f3n, est\u00e1 destinada a &#8220;transformar la matriz energ\u00e9tica y productiva&#8221; del pa\u00eds. El presidente Alberto Fern\u00e1ndez, la&hellip; <\/p>\n","protected":false},"author":2,"featured_media":837,"comment_status":"open","ping_status":"open","sticky":false,"template":"","format":"standard","meta":{"footnotes":""},"categories":[9,5],"tags":[],"class_list":["post-836","post","type-post","status-publish","format-standard","has-post-thumbnail","hentry","category-destacadas","category-politica"],"_links":{"self":[{"href":"https:\/\/lametro989.com\/index.php?rest_route=\/wp\/v2\/posts\/836","targetHints":{"allow":["GET"]}}],"collection":[{"href":"https:\/\/lametro989.com\/index.php?rest_route=\/wp\/v2\/posts"}],"about":[{"href":"https:\/\/lametro989.com\/index.php?rest_route=\/wp\/v2\/types\/post"}],"author":[{"embeddable":true,"href":"https:\/\/lametro989.com\/index.php?rest_route=\/wp\/v2\/users\/2"}],"replies":[{"embeddable":true,"href":"https:\/\/lametro989.com\/index.php?rest_route=%2Fwp%2Fv2%2Fcomments&post=836"}],"version-history":[{"count":1,"href":"https:\/\/lametro989.com\/index.php?rest_route=\/wp\/v2\/posts\/836\/revisions"}],"predecessor-version":[{"id":838,"href":"https:\/\/lametro989.com\/index.php?rest_route=\/wp\/v2\/posts\/836\/revisions\/838"}],"wp:featuredmedia":[{"embeddable":true,"href":"https:\/\/lametro989.com\/index.php?rest_route=\/wp\/v2\/media\/837"}],"wp:attachment":[{"href":"https:\/\/lametro989.com\/index.php?rest_route=%2Fwp%2Fv2%2Fmedia&parent=836"}],"wp:term":[{"taxonomy":"category","embeddable":true,"href":"https:\/\/lametro989.com\/index.php?rest_route=%2Fwp%2Fv2%2Fcategories&post=836"},{"taxonomy":"post_tag","embeddable":true,"href":"https:\/\/lametro989.com\/index.php?rest_route=%2Fwp%2Fv2%2Ftags&post=836"}],"curies":[{"name":"wp","href":"https:\/\/api.w.org\/{rel}","templated":true}]}}