{"id":845,"date":"2023-07-06T23:13:19","date_gmt":"2023-07-07T02:13:19","guid":{"rendered":"https:\/\/lametro989.com\/?p=845"},"modified":"2023-07-06T23:13:19","modified_gmt":"2023-07-07T02:13:19","slug":"caso-cecilia-el-abogado-osuna-la-querella-y-la-fiscalia-deberan-acreditar-que-cecilia-no-salio-nunca-mas-de-esa-casa","status":"publish","type":"post","link":"https:\/\/lametro989.com\/?p=845","title":{"rendered":"Caso Cecilia: El abogado Osuna: \u201cLa querella y la fiscal\u00eda deber\u00e1n acreditar que Cecilia no sali\u00f3 nunca m\u00e1s de esa casa\u201d"},"content":{"rendered":"\n<p>El abogado, que ahora representa a C\u00e9sar y Emerenciano Sena, y a Marcela Acu\u00f1a, afirm\u00f3 tambi\u00e9n que \u201chay gente que entr\u00f3 y sali\u00f3 del lugar (la vivienda de Santa Mar\u00eda de Oro 1460) y no fue advertido por la c\u00e1mara de seguridad\u201d.<\/p>\n\n\n\n<figure class=\"wp-block-image size-large\"><img loading=\"lazy\" decoding=\"async\" width=\"1024\" height=\"785\" src=\"https:\/\/lametro989.com\/wp-content\/uploads\/2023\/07\/imagen-73-1024x785.png\" alt=\"\" class=\"wp-image-846\" srcset=\"https:\/\/lametro989.com\/wp-content\/uploads\/2023\/07\/imagen-73-1024x785.png 1024w, https:\/\/lametro989.com\/wp-content\/uploads\/2023\/07\/imagen-73-300x230.png 300w, https:\/\/lametro989.com\/wp-content\/uploads\/2023\/07\/imagen-73-768x589.png 768w, https:\/\/lametro989.com\/wp-content\/uploads\/2023\/07\/imagen-73.png 1080w\" sizes=\"auto, (max-width: 1024px) 100vw, 1024px\" \/><\/figure>\n\n\n\n<p>El abogado Ricardo Osuna se dispon\u00eda en la tarde de este jueves a visitar a su defendido, C\u00e9sar Sena, en el Complejo Penitenciario I de Resistencia. \u201cHace quince d\u00edas que no hablo con \u00e9l, y hay versiones encontradas. Se ve que no vengo un d\u00eda y ya empiezan a inventar cosas, como la autopercepci\u00f3n como mujer (de C\u00e9sar), una cuesti\u00f3n sobre la cual yo nunca habl\u00e9 con \u00e9l. Y tambi\u00e9n quiero ver c\u00f3mo est\u00e1 ac\u00e1, porque la familia dice que lo tienen aislado y que no ten\u00eda visitas\u201d, revel\u00f3.<\/p>\n\n\n\n<p>Adem\u00e1s, en la reuni\u00f3n, el abogado le informar\u00eda a su cliente sobre el nuevo estado de la causa a partir de su designaci\u00f3n como defensor de sus padres, Marcela Acu\u00f1a y Emerenciano Sena.<\/p>\n\n\n\n<p>En declaraciones al canal A24, el letrado volvi\u00f3 a insistir: \u201cYo no soy Juan D\u00edaz (el primer abogado de C\u00e9sar Sena que desisti\u00f3 de la defensa). Cuando asumo la defensa, s\u00e9 d\u00f3nde me estoy metiendo y <strong>s\u00e9 que estoy asumiendo la defensa t\u00e9cnica de personas a las que se les est\u00e1 imputando un delito grave.<\/strong> No defiendo si son o no son (los responsables de un crimen) sino <strong>lo que est\u00e1 en el expediente\u201d.<\/strong><\/p>\n\n\n\n<p>Asimismo, Osuna tambi\u00e9n remarc\u00f3: \u201cNo est\u00e1 acreditada la muerte. <strong>No s\u00e9 d\u00f3nde vieron o escucharon que alguno de los restos \u00f3seos encontrados sea de Cecilia. No hay un certificado de defunci\u00f3n ni un certificado de autopsia\u201d,<\/strong> sostuvo.<\/p>\n\n\n\n<p>Luego de se\u00f1alar que las c\u00e1maras muestran a Cecilia ingresando a la casa de los Sena a las 9.16 de la ma\u00f1ana del 2 de junio, el letrado resalt\u00f3 que <strong>\u201cla querella y el Ministerio P\u00fablico Fiscal deber\u00e1n acreditar que no sali\u00f3 nunca m\u00e1s, porque hay gente que entr\u00f3 y sali\u00f3 del lugar y no fue advertido por la c\u00e1mara de seguridad\u201d.<\/strong><\/p>\n\n\n\n<h3 class=\"wp-block-heading\">Tel\u00e9fonos, cartas y piezas dentales<\/h3>\n\n\n\n<figure class=\"wp-block-image\"><img decoding=\"async\" src=\"https:\/\/agenciafoco.com.ar\/media\/cache\/quality\/uploads\/noticias\/64a7358ec90c1994665336.jpg\" alt=\"\"\/><\/figure>\n\n\n\n<p>Osuna tambi\u00e9n desestim\u00f3 que sea una prueba indiciaria el hecho de que C\u00e9sar Sena tuviera en su poder <strong>el celular propio y el de Cecilia<\/strong>. \u201c\u00bfSi en mi camioneta yo tengo el celular de mi hijo, eso significa que yo lo mat\u00e9?\u201d, se pregunt\u00f3.<\/p>\n\n\n\n<p>\u201cHay supuestas cartas que le atribuyen a ella, pero ella a m\u00ed no me manifest\u00f3 nada sobre esos manuscritos\u201d, indic\u00f3 sobre los escritos de Marcela Acu\u00f1a que fueron difundidos en los medios \u2013y que seg\u00fan la querella fueron incorporados al expediente el d\u00eda mi\u00e9rcoles- donde la dirigente sostiene, entre otras cosas que, si su hijo fue responsable de la muerte de Cecilia, por qu\u00e9 est\u00e1n inculpados ella y Emerenciano.<\/p>\n\n\n\n<p>Por otra parte, para el letrado, y en base a informes agregados en la causa, los <strong>restos de piezas dentales <\/strong>hallados en allanamientos \u201cno coinciden\u201d con \u201cla historia odontol\u00f3gica de Cecilia\u201d, que consta en un informe elaborado por el Colegio de Odont\u00f3logos del Chaco, seg\u00fan dijo, todo lo cual fue cotejado por un odont\u00f3logo de parte. &nbsp;<\/p>\n\n\n\n<h3 class=\"wp-block-heading\">La defensa y las presentaciones<\/h3>\n\n\n\n<p>\u201cA nosotros nos hablan para que asumamos la defensa t\u00e9cnica de Emerenciano y Marcela, pero el doctor (Juan Carlos) Saife hab\u00eda presentado la renuncia a la defensa de Marcela, y ten\u00eda intenciones de seguir con Emerenciano, pero \u00e9l decidi\u00f3 cambiar su defensa\u201d, explic\u00f3 Osuna, sobre el desenlace que tuvo ayer la representaci\u00f3n de los principales imputados en la causa.<\/p>\n\n\n\n<p>As\u00ed, confirm\u00f3 que ya fue presentado el escrito de designaci\u00f3n de la nueva defensa para ambos dirigentes, que debe ser aceptado por el Equipo Fiscal Especial (EFE).<\/p>\n","protected":false},"excerpt":{"rendered":"<p>El abogado, que ahora representa a C\u00e9sar y Emerenciano Sena, y a Marcela Acu\u00f1a, afirm\u00f3 tambi\u00e9n que \u201chay gente que entr\u00f3 y sali\u00f3 del lugar&hellip; <\/p>\n","protected":false},"author":2,"featured_media":846,"comment_status":"open","ping_status":"open","sticky":false,"template":"","format":"standard","meta":{"footnotes":""},"categories":[9,2],"tags":[],"class_list":["post-845","post","type-post","status-publish","format-standard","has-post-thumbnail","hentry","category-destacadas","category-provinciales"],"_links":{"self":[{"href":"https:\/\/lametro989.com\/index.php?rest_route=\/wp\/v2\/posts\/845","targetHints":{"allow":["GET"]}}],"collection":[{"href":"https:\/\/lametro989.com\/index.php?rest_route=\/wp\/v2\/posts"}],"about":[{"href":"https:\/\/lametro989.com\/index.php?rest_route=\/wp\/v2\/types\/post"}],"author":[{"embeddable":true,"href":"https:\/\/lametro989.com\/index.php?rest_route=\/wp\/v2\/users\/2"}],"replies":[{"embeddable":true,"href":"https:\/\/lametro989.com\/index.php?rest_route=%2Fwp%2Fv2%2Fcomments&post=845"}],"version-history":[{"count":1,"href":"https:\/\/lametro989.com\/index.php?rest_route=\/wp\/v2\/posts\/845\/revisions"}],"predecessor-version":[{"id":847,"href":"https:\/\/lametro989.com\/index.php?rest_route=\/wp\/v2\/posts\/845\/revisions\/847"}],"wp:featuredmedia":[{"embeddable":true,"href":"https:\/\/lametro989.com\/index.php?rest_route=\/wp\/v2\/media\/846"}],"wp:attachment":[{"href":"https:\/\/lametro989.com\/index.php?rest_route=%2Fwp%2Fv2%2Fmedia&parent=845"}],"wp:term":[{"taxonomy":"category","embeddable":true,"href":"https:\/\/lametro989.com\/index.php?rest_route=%2Fwp%2Fv2%2Fcategories&post=845"},{"taxonomy":"post_tag","embeddable":true,"href":"https:\/\/lametro989.com\/index.php?rest_route=%2Fwp%2Fv2%2Ftags&post=845"}],"curies":[{"name":"wp","href":"https:\/\/api.w.org\/{rel}","templated":true}]}}