{"id":848,"date":"2023-07-06T23:15:26","date_gmt":"2023-07-07T02:15:26","guid":{"rendered":"https:\/\/lametro989.com\/?p=848"},"modified":"2023-07-06T23:15:26","modified_gmt":"2023-07-07T02:15:26","slug":"autos-motos-y-un-departamento-a-metros-de-plaza-central-avanza-la-investigacion-sobre-el-patrimonio-de-los-sena","status":"publish","type":"post","link":"https:\/\/lametro989.com\/?p=848","title":{"rendered":"Autos, motos y un departamento a metros de plaza central: avanza la investigaci\u00f3n sobre el patrimonio de los Sena"},"content":{"rendered":"\n<p>Emerenciano Sena y Marcela Acu\u00f1a no solo son noticia por lo complicado que est\u00e1n en el plano penal acusados de participaci\u00f3n directa en el femicidio de Cecilia Strzyzowski, los escraches de los que fueron parte cuando los trasladaron al hospital Perrando, sino tambi\u00e9n porque avanza la investigaci\u00f3n preliminar del fiscal Patricio Sabadini para determinar si existen inconsistencias en el patrimonio de la pareja piquetera.<\/p>\n\n\n\n<figure class=\"wp-block-image size-full\"><img loading=\"lazy\" decoding=\"async\" width=\"696\" height=\"464\" src=\"https:\/\/lametro989.com\/wp-content\/uploads\/2023\/07\/imagen-74.png\" alt=\"\" class=\"wp-image-849\" srcset=\"https:\/\/lametro989.com\/wp-content\/uploads\/2023\/07\/imagen-74.png 696w, https:\/\/lametro989.com\/wp-content\/uploads\/2023\/07\/imagen-74-300x200.png 300w\" sizes=\"auto, (max-width: 696px) 100vw, 696px\" \/><\/figure>\n\n\n\n<p>Lo recolectado hasta aqu\u00ed da cuenta de que tienen a su nombre son varios veh\u00edculos, lo que se dice una \u201cconcesionaria\u201d, algunos de modelos de este a\u00f1o o de 2022. &nbsp;Marcela Acu\u00f1a tiene solo a su nombre dos veh\u00edculos y dos motocicletas, Emerenciano Sena tiene siete veh\u00edculos solo a su nombre entre camionetas y camiones y luego comparten la titularidad en tres camionetas de modelos actuales. Una verdura fortuna sobre ruedas.<\/p>\n\n\n\n<p>La fundaci\u00f3n Sa\u00fal Acu\u00f1a, de la que era presidente Emerenciano Sena y tesorera Marcela Acu\u00f1a tiene inscriptos en la AFIP cuatro veh\u00edculos y una motocicleta. La organizaci\u00f3n fue disuelta y habr\u00e1 que ver el destino de estos bienes.<\/p>\n\n\n\n<p>INMUEBLE<\/p>\n\n\n\n<p>Adem\u00e1s, la investigaci\u00f3n recibi\u00f3 documentaci\u00f3n acerca de la inscripci\u00f3n de un departamento en avenida Alberdi a nombre de Marcela Acu\u00f1a en 2015, el que se\u00f1ala fue adquirido con la herencia de su padre , un reconocido abogado que dio nombre a la fundaci\u00f3n.<\/p>\n\n\n\n<p>Seguramente a partir de este caudal de informaci\u00f3n, el representante del Ministerio P\u00fablico avanzar\u00e1 con el cotejo acerca de los ingresos que declararon lo Sena y los fondos que recib\u00edan para trabajos sociales para ver si est\u00e1 dada la posibilidad de pedir la investigaci\u00f3n formal por la presunta comisi\u00f3n de delitos.<\/p>\n","protected":false},"excerpt":{"rendered":"<p>Emerenciano Sena y Marcela Acu\u00f1a no solo son noticia por lo complicado que est\u00e1n en el plano penal acusados de participaci\u00f3n directa en el femicidio&hellip; <\/p>\n","protected":false},"author":2,"featured_media":849,"comment_status":"open","ping_status":"open","sticky":false,"template":"","format":"standard","meta":{"footnotes":""},"categories":[9,2],"tags":[],"class_list":["post-848","post","type-post","status-publish","format-standard","has-post-thumbnail","hentry","category-destacadas","category-provinciales"],"_links":{"self":[{"href":"https:\/\/lametro989.com\/index.php?rest_route=\/wp\/v2\/posts\/848","targetHints":{"allow":["GET"]}}],"collection":[{"href":"https:\/\/lametro989.com\/index.php?rest_route=\/wp\/v2\/posts"}],"about":[{"href":"https:\/\/lametro989.com\/index.php?rest_route=\/wp\/v2\/types\/post"}],"author":[{"embeddable":true,"href":"https:\/\/lametro989.com\/index.php?rest_route=\/wp\/v2\/users\/2"}],"replies":[{"embeddable":true,"href":"https:\/\/lametro989.com\/index.php?rest_route=%2Fwp%2Fv2%2Fcomments&post=848"}],"version-history":[{"count":1,"href":"https:\/\/lametro989.com\/index.php?rest_route=\/wp\/v2\/posts\/848\/revisions"}],"predecessor-version":[{"id":850,"href":"https:\/\/lametro989.com\/index.php?rest_route=\/wp\/v2\/posts\/848\/revisions\/850"}],"wp:featuredmedia":[{"embeddable":true,"href":"https:\/\/lametro989.com\/index.php?rest_route=\/wp\/v2\/media\/849"}],"wp:attachment":[{"href":"https:\/\/lametro989.com\/index.php?rest_route=%2Fwp%2Fv2%2Fmedia&parent=848"}],"wp:term":[{"taxonomy":"category","embeddable":true,"href":"https:\/\/lametro989.com\/index.php?rest_route=%2Fwp%2Fv2%2Fcategories&post=848"},{"taxonomy":"post_tag","embeddable":true,"href":"https:\/\/lametro989.com\/index.php?rest_route=%2Fwp%2Fv2%2Ftags&post=848"}],"curies":[{"name":"wp","href":"https:\/\/api.w.org\/{rel}","templated":true}]}}