{"id":851,"date":"2023-07-06T23:17:40","date_gmt":"2023-07-07T02:17:40","guid":{"rendered":"https:\/\/lametro989.com\/?p=851"},"modified":"2023-07-06T23:17:40","modified_gmt":"2023-07-07T02:17:40","slug":"en-fontana-el-gobierno-hizo-entrega-de-51-viviendas-e-inauguro-la-renovada-escuela-primaria-n103","status":"publish","type":"post","link":"https:\/\/lametro989.com\/?p=851","title":{"rendered":"En Fontana, el gobierno hizo entrega de 51 viviendas e inaugur\u00f3 la renovada Escuela Primaria N\u00b0103"},"content":{"rendered":"\n<p>Las casas, construidas en el barrio Querini, fueron reactivadas y concluidas por la actual gesti\u00f3n provincial y nacional, tras ser paralizadas durante el gobierno de Mauricio Marcri. \u201cEn tres mandatos constitucionales llegaremos al r\u00e9cord de 75.000 soluciones habitacionales\u201d, se\u00f1al\u00f3 el gobernador, quien adem\u00e1s habilit\u00f3 la obra de infraestructura escolar en la escuela \u201cGeneral Antonio D\u00f3novan\u201d.<\/p>\n\n\n\n<figure class=\"wp-block-image size-large\"><img loading=\"lazy\" decoding=\"async\" width=\"1024\" height=\"683\" src=\"https:\/\/lametro989.com\/wp-content\/uploads\/2023\/07\/imagen-75-1024x683.png\" alt=\"\" class=\"wp-image-852\" srcset=\"https:\/\/lametro989.com\/wp-content\/uploads\/2023\/07\/imagen-75-1024x683.png 1024w, https:\/\/lametro989.com\/wp-content\/uploads\/2023\/07\/imagen-75-300x200.png 300w, https:\/\/lametro989.com\/wp-content\/uploads\/2023\/07\/imagen-75-768x512.png 768w, https:\/\/lametro989.com\/wp-content\/uploads\/2023\/07\/imagen-75-1536x1024.png 1536w, https:\/\/lametro989.com\/wp-content\/uploads\/2023\/07\/imagen-75.png 1600w\" sizes=\"auto, (max-width: 1024px) 100vw, 1024px\" \/><\/figure>\n\n\n\n<p>En Fontana, el gobernador Jorge Capitanich, junto a la intendenta Patricia Rodas, hizo entrega este jueves de 51 viviendas a familias del barrio Querini, en el marco de un plan de reactivaci\u00f3n de obras que fueron paralizadas durante el gobierno de Macri. Adem\u00e1s, inaugur\u00f3 la refacci\u00f3n integral de la EEP N\u00b0103 \u201cGeneral Antonio D\u00f3novan\u201d, realizada con fondos provinciales, que beneficiar\u00e1 a m\u00e1s de 1.700 alumnos de dicho establecimiento y de otros que utilizan dicho inmueble.<\/p>\n\n\n\n<p>\u201cHoy logramos la dignidad de una vivienda, por lo tanto, el derecho a la vivienda digna, el derecho al trabajo, el derecho al ambiente sano, el derecho a la cultura y a la lectura, y esos derechos se van forjando a partir del esfuerzo colectivo de todas las comunidades\u201d, ratific\u00f3 Capitanich, en el marco de la entrega de llaves, que incluy\u00f3 una biblioteca familiar del Programa Nacional \u201cLibros y Casa\u201d para cada hogar.<\/p>\n\n\n\n<figure class=\"wp-block-image\"><img decoding=\"async\" src=\"https:\/\/agenciafoco.com.ar\/media\/cache\/quality\/uploads\/noticias\/64a7517dd82fa873352484.jpeg\" alt=\"\"\/><\/figure>\n\n\n\n<p>En ese contexto, y con la presencia del presidente del Instituto de Desarrollo Urbano y Vivienda (IPDUV), Diego Ar\u00e9valo, el vocal Mariano Brahim; y el senador nacional, Antonio Rodas, el mandatario provincial confirm\u00f3 que la meta en estos cuatro a\u00f1os de gesti\u00f3n es <strong>\u201cfinalizar 8.000 viviendas, de los cuales m\u00e1s de 2.000 son aquellas que estaban inconclusas efectivamente a diciembre del 2019 pero quedaron inconclusas en 2015\u201d.<\/strong><\/p>\n\n\n\n<p>&nbsp;\u201cPara m\u00ed es una gran satisfacci\u00f3n, despu\u00e9s de tanto tiempo y de tanta espera, que ustedes puedan ser adjudicatarios felices de estas viviendas de muy buena calidad que permiten la felicidad de una familia\u201d, insisti\u00f3 el gobernador, remarcando que \u201cen tres mandatos constitucionales llegaremos a 75.000 soluciones habitacionales, un r\u00e9cord para la provincia\u201d.<\/p>\n\n\n\n<p>La terminaci\u00f3n de las 51 viviendas a trav\u00e9s del Programa Reconstruir de la Secretar\u00eda de H\u00e1bitat del Ministerio de Desarrollo Territorial y H\u00e1bitat de la Naci\u00f3n, represent\u00f3 <strong>una inversi\u00f3n total $171.486.122,79<\/strong>, se trata de unidades habitacionales que se encontraban paralizadas, en el barrio Querini. Todas ellas cuentan con 2 habitaciones, ba\u00f1o, cocina comedor y lavadero, inclusive, veredas perimetrales.<\/p>\n\n\n\n<p>De este modo el Estado garantiza <strong>el acceso a la vivienda digna de 204 personas, pertenecientes a familias de escasos recursos<\/strong>, y pobladores originarios y rurales de la zona, posibilitando la integraci\u00f3n del barrio a la trama urbana y mejorando la calidad de vida de los mismos, el rendimiento escolar de los menores, el rendimiento en el trabajo de los mayores, y mejores condiciones de descanso y reposo, erradicando el hacinamiento de las familias propiciando una convivencia armoniosa del grupo familiar.<\/p>\n\n\n\n<figure class=\"wp-block-image\"><img decoding=\"async\" src=\"https:\/\/agenciafoco.com.ar\/media\/cache\/quality\/uploads\/noticias\/64a7517dd8e40481826596.jpg\" alt=\"\"\/><\/figure>\n\n\n\n<p>A su turno, el titular de Vivienda, Diego Ar\u00e9valo sostuvo: \u201cHoy tenemos 51 razones para celebrar y desde el IPDUV estamos orgullosos de que 51 familias puedan tener su casa propia\u201d. En esa l\u00ednea, remarc\u00f3 el compromiso y el trabajo realizado por el municipio, el gobernador, y el senador Rodas, quien realiz\u00f3 las gestiones correspondientes para que los fondos permitan reactivar las obras paralizadas, \u201cpara que estos sue\u00f1os se hagan realidad\u201d, e inst\u00f3 a las familias beneficiarias a abonar las cuotas sociales correspondientes \u201cpara que m\u00e1s chaque\u00f1os cumplan el sue\u00f1o de la casa propia\u201d.<\/p>\n\n\n\n<p>Por su parte, el senador Rodas celebr\u00f3 a las \u201cviejas familias\u201d del barrio Querini como \u201clas felices poseedoras de estas casas\u201d, destacando que esta entrega \u201cera nuestro gran objetivo y nuestro gran desaf\u00edo\u201d, sostuvo. En ese sentido, enfatiz\u00f3: <strong>\u201cUstedes son la prueba testigo de los compromisos que no son palabras, que son hechos, que son acciones, se concretan y se concretan bajo la tutela y bajo la administraci\u00f3n del contador Jorge Milton Capitanich\u201d,<\/strong> resaltando la voluntad y el compromiso del mandatario \u201cpara con los sectores que realmente necesitan\u201d.<\/p>\n\n\n\n<figure class=\"wp-block-image\"><img decoding=\"async\" src=\"https:\/\/agenciafoco.com.ar\/media\/cache\/quality\/uploads\/noticias\/64a7517dd9b73557139939.jpg\" alt=\"\"\/><\/figure>\n\n\n\n<h3 class=\"wp-block-heading\">Una refacci\u00f3n hist\u00f3rica en un edificio de m\u00e1s de 70 a\u00f1os<\/h3>\n\n\n\n<p>Junto al ministro de Educaci\u00f3n, Cultura, Ciencia y Tecnolog\u00eda, Aldo Lineras, y la intendenta Rodas, Capitanich inaugur\u00f3 las obras de refacci\u00f3n de la E.E.P. N\u00b0 103 &#8220;Gral. Antonio Donovan&#8221;, que fueron financiadas por el MPEI, alcanzando <strong>una inversi\u00f3n total de $87.019.211,71.<\/strong> \u201cLa educaci\u00f3n significa movilidad social ascendente, cuanto m\u00e1s educaci\u00f3n, mejores empleos, mejor trabajo, mejor remuneraci\u00f3n y mejor futuro. Ustedes hoy empiezan a construir ese futuro\u201d, expres\u00f3 el mandatario.<\/p>\n\n\n\n<p>En el marco de la inauguraci\u00f3n, que tambi\u00e9n cont\u00f3 con la presencia de la vicedirectora de la Instituci\u00f3n, Graciela Montiel, y personal educativo, el Gobernador valor\u00f3 el esfuerzo y vocaci\u00f3n de los docentes, y la colaboraci\u00f3n de las familias de los 1146 alumnos afirmando que \u201cgarantizan una gran inclusi\u00f3n social educativa\u201d.<\/p>\n\n\n\n<p>Dirigida por Claudia Pereyra, la instituci\u00f3n de primera categor\u00eda, con jornada simple (turnos ma\u00f1ana y tarde) tiene un total de 42 secciones (de 1\u00b0 a 7\u00b0 grado), y una matr\u00edcula actual de 1146 estudiantes. Tambi\u00e9n comparte edificio con la EPA N\u00b0 77 (turno nocturno, con una matr\u00edcula de 420 estudiantes) y, desde 2019, con la UES N\u00b0 1 del IES \u201cPuerto Tirol\u201d, con una matr\u00edcula de entre 180 y 210 estudiantes.<\/p>\n\n\n\n<figure class=\"wp-block-image\"><img decoding=\"async\" src=\"https:\/\/agenciafoco.com.ar\/media\/cache\/quality\/uploads\/noticias\/64a7517dda9b1796030129.jpg\" alt=\"\"\/><\/figure>\n\n\n\n<p>Se trata de <strong>un edificio quinquenal de 70 a\u00f1os de antig\u00fcedad <\/strong>resuelto en una sola planta, con aulas, SUM, \u00e1rea administrativa, sanitarios, sector de dep\u00f3sitos, etc\u00e9tera; por ello, y teniendo en cuenta su gran antig\u00fcedad, los trabajos de car\u00e1cter integral comprendieron sanitarios (demolici\u00f3n completa, reconstrucci\u00f3n de revestimientos, ca\u00f1er\u00edas, mamposter\u00eda en mal estado, colocaci\u00f3n de aberturas faltantes, arreglo de las existentes y colocaci\u00f3n de nuevas grifer\u00edas); cocina (revestimiento completo de paredes, limpieza de ca\u00f1er\u00edas, nuevas aberturas y construcci\u00f3n de una casilla reglamentaria de gas); en veredas, nuevos solados; y en el patio interno del establecimiento, y un nuevo cerco.<\/p>\n\n\n\n<p>En todo el edificio se reemplazaron carpinter\u00edas en donde se requer\u00edan y se completaron herrajes faltantes; se verific\u00f3 toda la instalaci\u00f3n el\u00e9ctrica para su correcto funcionamiento y la reubicaci\u00f3n del tanque de reserva con las bombas y dep\u00f3sito de m\u00e1quinas; adem\u00e1s, se pint\u00f3 todo el establecimiento, y se coloc\u00f3 un nuevo m\u00e1stil.<\/p>\n\n\n\n<figure class=\"wp-block-image\"><img decoding=\"async\" src=\"https:\/\/agenciafoco.com.ar\/media\/cache\/quality\/uploads\/noticias\/64a7517ddb7cd878976491.jpeg\" alt=\"\"\/><\/figure>\n","protected":false},"excerpt":{"rendered":"<p>Las casas, construidas en el barrio Querini, fueron reactivadas y concluidas por la actual gesti\u00f3n provincial y nacional, tras ser paralizadas durante el gobierno de&hellip; <\/p>\n","protected":false},"author":2,"featured_media":852,"comment_status":"open","ping_status":"open","sticky":false,"template":"","format":"standard","meta":{"footnotes":""},"categories":[9,2],"tags":[],"class_list":["post-851","post","type-post","status-publish","format-standard","has-post-thumbnail","hentry","category-destacadas","category-provinciales"],"_links":{"self":[{"href":"https:\/\/lametro989.com\/index.php?rest_route=\/wp\/v2\/posts\/851","targetHints":{"allow":["GET"]}}],"collection":[{"href":"https:\/\/lametro989.com\/index.php?rest_route=\/wp\/v2\/posts"}],"about":[{"href":"https:\/\/lametro989.com\/index.php?rest_route=\/wp\/v2\/types\/post"}],"author":[{"embeddable":true,"href":"https:\/\/lametro989.com\/index.php?rest_route=\/wp\/v2\/users\/2"}],"replies":[{"embeddable":true,"href":"https:\/\/lametro989.com\/index.php?rest_route=%2Fwp%2Fv2%2Fcomments&post=851"}],"version-history":[{"count":1,"href":"https:\/\/lametro989.com\/index.php?rest_route=\/wp\/v2\/posts\/851\/revisions"}],"predecessor-version":[{"id":853,"href":"https:\/\/lametro989.com\/index.php?rest_route=\/wp\/v2\/posts\/851\/revisions\/853"}],"wp:featuredmedia":[{"embeddable":true,"href":"https:\/\/lametro989.com\/index.php?rest_route=\/wp\/v2\/media\/852"}],"wp:attachment":[{"href":"https:\/\/lametro989.com\/index.php?rest_route=%2Fwp%2Fv2%2Fmedia&parent=851"}],"wp:term":[{"taxonomy":"category","embeddable":true,"href":"https:\/\/lametro989.com\/index.php?rest_route=%2Fwp%2Fv2%2Fcategories&post=851"},{"taxonomy":"post_tag","embeddable":true,"href":"https:\/\/lametro989.com\/index.php?rest_route=%2Fwp%2Fv2%2Ftags&post=851"}],"curies":[{"name":"wp","href":"https:\/\/api.w.org\/{rel}","templated":true}]}}