{"id":854,"date":"2023-07-06T23:21:20","date_gmt":"2023-07-07T02:21:20","guid":{"rendered":"https:\/\/lametro989.com\/?p=854"},"modified":"2023-07-06T23:21:20","modified_gmt":"2023-07-07T02:21:20","slug":"la-madre-de-joaquin-sperani-marcho-a-la-escuela-de-su-hijo-y-arremetio-contra-docentes-y-autoridades","status":"publish","type":"post","link":"https:\/\/lametro989.com\/?p=854","title":{"rendered":"La madre de Joaqu\u00edn Sperani march\u00f3 a la escuela de su hijo y arremeti\u00f3 contra docentes y autoridades"},"content":{"rendered":"\n<p>Fue una marcha silenciosa, &#8220;como el silencio que tuvieron ellos (las autoridades de la instituci\u00f3n) en no avisarme de que mi hijo no estaba en clase&#8221;, dijo la dolida madre.<\/p>\n\n\n\n<figure class=\"wp-block-image size-full\"><img loading=\"lazy\" decoding=\"async\" width=\"610\" height=\"385\" src=\"https:\/\/lametro989.com\/wp-content\/uploads\/2023\/07\/imagen-76.png\" alt=\"\" class=\"wp-image-855\" srcset=\"https:\/\/lametro989.com\/wp-content\/uploads\/2023\/07\/imagen-76.png 610w, https:\/\/lametro989.com\/wp-content\/uploads\/2023\/07\/imagen-76-300x189.png 300w\" sizes=\"auto, (max-width: 610px) 100vw, 610px\" \/><\/figure>\n\n\n\n<p>La madre de Joaqu\u00edn Sperani, el adolescente de 14 a\u00f1os asesinado a golpes el jueves de la semana pasada, encabez\u00f3 una nueva marcha en el colegio donde concurr\u00eda su hijo y <strong>arremeti\u00f3 contra los docentes y las autoridades el establecimiento, que no alertaron sobre la ausencia del alumno el d\u00eda en que fue asesinado<\/strong>.<\/p>\n\n\n\n<p>Por el crimen del chico se detuvo a un amigo y compa\u00f1ero de la escuela de su misma edad, quien <strong>confes\u00f3 el asesinato pero no puede ser imputado debido a que tiene 14 a\u00f1os y no es punible, de acuerdo con la ley<\/strong>.<\/p>\n\n\n\n<h2 class=\"wp-block-heading\">Reclamos de la madre de Joaqu\u00edn<\/h2>\n\n\n\n<p>Mariela Flores, madre de la v\u00edctima, al dirigirse al establecimiento educativo llevaba en sus manos <strong>dos claveles blancos y una foto de su hijo, con la leyenda \u201c#Justicia por Joaqu\u00edn\u201d<\/strong>.<\/p>\n\n\n\n<p>\u201cMi hijo, a esta hora, fue la \u00faltima vez que se lo vio ac\u00e1 en la puerta de la escuela, <strong>compa\u00f1eros y profesores declararon que lo vieron ac\u00e1 en la puerta de la escuela, este es el horario en que a mi hijo se lo ve por \u00faltima vez<\/strong>\u201d, manifest\u00f3 la mujer, rodeada de vecinos y alumnos del colegio.<\/p>\n\n\n\n<p>En ese sentido, a\u00f1adi\u00f3: \u201cHoy no es una marcha, sino es una uni\u00f3n simb\u00f3lica en el horario en que \u00e9l se pierde, y es silenciosa, <strong>como el silencio que tuvieron ellos (las autoridades de la instituci\u00f3n) en no avisarme de que mi hijo no estaba en clase<\/strong>. Para que tomemos consciencia todos y que los docentes y todos sean responsables cuando uno deja a su hijo en la escuela\u201d.<\/p>\n\n\n\n<p><strong>\u201cH\u00e1ganse cargo de lo que vieron, ayuden a descubrir que pas\u00f3 con Joaqu\u00edn&#8221;, expres\u00f3 Flores<\/strong>, tras lo cual ella y los manifestantes dejaron claveles en el suelo de la entrada al colegio, en la cual tambi\u00e9n encendieron velas.<\/p>\n\n\n\n<p>Entre los distintos carteles, se destacaba una bandera blanca con la leyenda <strong>\u201cJusticia por Joaqu\u00edn, que pague el culpable\u201d<\/strong> y otra foto del adolescente.<\/p>\n\n\n\n<h2 class=\"wp-block-heading\">La bicicleta que nadie que vio<\/h2>\n\n\n\n<p>Antes de dar inicio a la manifestaci\u00f3n, la madre peg\u00f3 en una de las columnas del establecimiento educativo la foto de <strong>la bicicleta que su hijo hab\u00eda dejado en el bicicletero del colegio el d\u00eda en que fue asesinado<\/strong>.<\/p>\n\n\n\n<p>\u201c<strong>La bicicleta estuvo ah\u00ed hasta las 11 de la noche \u00bfA nadie le llam\u00f3 la atenci\u00f3n la bicicleta de mi hijo ah\u00ed?<\/strong> \u00bfNo se le dio a ning\u00fan grupo de WhatsApp desde primero a sexto a\u00f1o decir, \u00b4f\u00edjense que quedo una bicicleta en la escuela, de qui\u00e9n es\u00b4, si de \u00faltima no la reconocen? <strong>Me parece que son muchas cosas que no me cierran, muchos ciegos hay en esta ciudad\u201d<\/strong>, asever\u00f3 la mujer.<\/p>\n\n\n\n<p>Posteriormente, globos blancos se ataron en el bicicletero a pedido de la madre de Joaqu\u00edn, \u201cpara que sepan\u201d que el rodado de su hijo estuvo ah\u00ed.<\/p>\n\n\n\n<h2 class=\"wp-block-heading\">Qu\u00e9 dice la causa sobre el asesinato de Joaqu\u00edn Sperani<\/h2>\n\n\n\n<p>De acuerdo con lo que consta en la causa, Joaqu\u00edn desapareci\u00f3 el pasado jueves cuando <strong>lleg\u00f3 a la escuela Ipem N\u00ba 278 &#8220;Malvinas Argentinas&#8221;, dej\u00f3 la bicicleta en el patio del colegio y se retir\u00f3 sin ingresar a clases<\/strong>.<\/p>\n\n\n\n<p>Las c\u00e1maras se seguridad de la zona analizadas hasta el momento muestran el momento en el que <strong>el chico camina por la vereda de la escuela acompa\u00f1ado por su amigo y compa\u00f1ero de colegio que luego confes\u00f3 la autor\u00eda del crimen<\/strong>, seg\u00fan fuentes de la pesquisa.<\/p>\n\n\n\n<p>Los padres de Joaqu\u00edn se alarmaron al no tener noticias suyas despu\u00e9s de clases <strong>-ya que seg\u00fan explicaron nunca les avisaron desde el colegio que su hijo no hab\u00eda concurrido-<\/strong> y radicaron una denuncia que dio origen a la b\u00fasqueda.<\/p>\n\n\n\n<p>Finalmente, el domingo <strong>el cuerpo del adolescente fue hallado por vecinos en una vivienda abandonada ubicada a 100 metros del colegio<\/strong>, tras lo cual fue detenido el amigo de Joaqu\u00edn, que no puede ser imputado por el crimen debido a que tiene 14 a\u00f1os y no es punible de acuerdo con la ley.<\/p>\n\n\n\n<p>La autopsia preliminar determin\u00f3 que el chico ten\u00eda <strong>m\u00faltiples golpes en la cabeza que le ocasionaron politraumatismo de cr\u00e1neo y da\u00f1o encef\u00e1lico que deriv\u00f3 en su muerte<\/strong>.<\/p>\n","protected":false},"excerpt":{"rendered":"<p>Fue una marcha silenciosa, &#8220;como el silencio que tuvieron ellos (las autoridades de la instituci\u00f3n) en no avisarme de que mi hijo no estaba en&hellip; <\/p>\n","protected":false},"author":2,"featured_media":855,"comment_status":"open","ping_status":"open","sticky":false,"template":"","format":"standard","meta":{"footnotes":""},"categories":[13],"tags":[],"class_list":["post-854","post","type-post","status-publish","format-standard","has-post-thumbnail","hentry","category-nacionales"],"_links":{"self":[{"href":"https:\/\/lametro989.com\/index.php?rest_route=\/wp\/v2\/posts\/854","targetHints":{"allow":["GET"]}}],"collection":[{"href":"https:\/\/lametro989.com\/index.php?rest_route=\/wp\/v2\/posts"}],"about":[{"href":"https:\/\/lametro989.com\/index.php?rest_route=\/wp\/v2\/types\/post"}],"author":[{"embeddable":true,"href":"https:\/\/lametro989.com\/index.php?rest_route=\/wp\/v2\/users\/2"}],"replies":[{"embeddable":true,"href":"https:\/\/lametro989.com\/index.php?rest_route=%2Fwp%2Fv2%2Fcomments&post=854"}],"version-history":[{"count":1,"href":"https:\/\/lametro989.com\/index.php?rest_route=\/wp\/v2\/posts\/854\/revisions"}],"predecessor-version":[{"id":856,"href":"https:\/\/lametro989.com\/index.php?rest_route=\/wp\/v2\/posts\/854\/revisions\/856"}],"wp:featuredmedia":[{"embeddable":true,"href":"https:\/\/lametro989.com\/index.php?rest_route=\/wp\/v2\/media\/855"}],"wp:attachment":[{"href":"https:\/\/lametro989.com\/index.php?rest_route=%2Fwp%2Fv2%2Fmedia&parent=854"}],"wp:term":[{"taxonomy":"category","embeddable":true,"href":"https:\/\/lametro989.com\/index.php?rest_route=%2Fwp%2Fv2%2Fcategories&post=854"},{"taxonomy":"post_tag","embeddable":true,"href":"https:\/\/lametro989.com\/index.php?rest_route=%2Fwp%2Fv2%2Ftags&post=854"}],"curies":[{"name":"wp","href":"https:\/\/api.w.org\/{rel}","templated":true}]}}