{"id":857,"date":"2023-07-06T23:25:12","date_gmt":"2023-07-07T02:25:12","guid":{"rendered":"https:\/\/lametro989.com\/?p=857"},"modified":"2023-07-06T23:25:12","modified_gmt":"2023-07-07T02:25:12","slug":"rodriguez-larreta-presento-10-propuestas-para-revolucionar-la-educacion-en-la-argentina","status":"publish","type":"post","link":"https:\/\/lametro989.com\/?p=857","title":{"rendered":"Rodr\u00edguez Larreta present\u00f3 10 propuestas para &#8220;revolucionar la educaci\u00f3n en la Argentina&#8221;"},"content":{"rendered":"\n<p>El precandidato presidencial, Horacio Rodr\u00edguez Larreta, y el precandidato a vicepresidente, Gerardo Morales, presentaron hoy en San Luis, junto al gobernador electo, Claudio Poggi, <strong>un paquete de 10 propuestas para una revoluci\u00f3n de la Educaci\u00f3n<\/strong>\u00a0, que es uno de los ejes de la campa\u00f1a sumado a los ya anunciados: &#8220;Trabajo&#8221; y &#8220;Fin de los privilegios&#8221;.<\/p>\n\n\n\n<figure class=\"wp-block-image\"><img decoding=\"async\" src=\"blob:https:\/\/lametro989.com\/d44607be-7ac0-41a6-97b9-e7f399d5a13d\" alt=\"\"\/><\/figure>\n\n\n\n<p>Estuvieron acompa\u00f1ados por Gabriela Gonz\u00e1lez Riollo, precandidata a senadora nacional, y &nbsp;Alejandro Cacace, precandidato a diputado nacional, ambos por la provincia de San Luis; Soledad Acu\u00f1a, ministra de Educaci\u00f3n de la Ciudad de Buenos Aires y precandidata al Parlasur; y Maxi Ferraro presidente de la Coalici\u00f3n C\u00edvica y precandidato a diputado nacional por CABA.<\/p>\n\n\n\n<p>&#8220;Si los argentinos me eligen presidente las clases no se suspenden m\u00e1s&#8221;, afirm\u00f3 Rodr\u00edguez Larreta.<\/p>\n\n\n\n<p>Y enseguida enumer\u00f3 las medidas, en detalle: &#8220;La Educaci\u00f3n va a ser un servicio esencial. Esto significa que las escuelas funcionar\u00e1n siempre. Porque una escuela cerrada es una tragedia. Las escuelas van a estar abiertas siempre. Porque la educaci\u00f3n es sagrada. Vamos a garantizar los 190 d\u00edas efectivos de clases en todo el pa\u00eds. Hoy hay muchas familias que se lamentan porque no tienen continuidad y los contenidos quedan por la mitad. Vamos a extender las jornadas de clase. Los chicos van a tener una dedicaci\u00f3n adicional para quienes necesiten reforzar sus contenidos. Cada provincia lo adoptar\u00e1 a su necesidad. Pero necesitamos m\u00e1s d\u00edas de clases. Habr\u00e1 un nuevo m\u00e9todo de lectura para las escuelas primarias. Es frustrante que los chicos no puedan leer un texto. Tomamos un modelo que funcion\u00f3 muy bien en Mendoza. Queremos que en todo el pa\u00eds se mejore la lectura. Proponemos ingl\u00e9s desde el primer grado y transici\u00f3n a escuelas cada vez m\u00e1s biling\u00fces. Eso conduce a m\u00e1s trabajo. Hablar idiomas, en este caso ingl\u00e9s, abre puertas. Vamos a trabajar con los docentes para que tengan mejores herramientas para que lideren esta revoluci\u00f3n. Por eso van a ser reconocidos. Que se les reconozca el presentismo, porque no es lo mismo ir que no ir. Evaluaci\u00f3n independiente con incentivos para las escuelas con mejoras de aprendizaje para que progresen. Es imposible trabajar sobre los problemas si no se los conocen. Vamos a sumar pr\u00e1cticas profesionales en el \u00faltimo a\u00f1o de la secundaria. La transici\u00f3n es muy traum\u00e1tica y la escuela tiene que conectar a los chicos con el mundo del trabajo. Los chicos van a tener pr\u00e1cticas educativas obligatorias. Queremos WiFi en cada aula del pa\u00eds. Hoy mucho pasa por la pantalla y la realidad es que uno de cada cuatro colegios hoy no tiene Internet. Por eso nuestros hijos pierden oportunidades de recibir conocimientos. Y finalmente, vamos a impulsar la segunda reforma universitaria. Queremos que todos los chicos tengan la oportunidad de seguir una carrera y de graduarse. Hay que buscar m\u00e1s flexibilidad, carreras cortas en universidades modernas y con mucha tecnolog\u00eda&#8221;.<\/p>\n\n\n\n<p>Explic\u00f3, puntualmente: &#8220;El 85% de los chicos del pa\u00eds tiene menos de 4 horas reales de clase por d\u00eda y la mitad de los chicos de 3\u00ba grado no entiende lo que lee. S\u00ed, escucharon bien. Ya no hablamos de saber las tablas de multiplicar o de escribir un texto complejo. Hoy nuestros chicos no entienden lo que leen&#8221;.<\/p>\n\n\n\n<p>&#8220;Cada d\u00eda de inicio de clases va a ser una fiesta, les debemos a nuestros hijos una educaci\u00f3n que los contenga, lo vamos a lograr en equipo, la educaci\u00f3n tiene que ser prioridad&#8221;, asegur\u00f3.<ins><\/ins><\/p>\n\n\n\n<p>&#8220;Junto con la educaci\u00f3n del trabajo, la revoluci\u00f3n de la seguridad que vamos a anunciar en las pr\u00f3ximas semanas, una econom\u00eda ordenada, un modelo de desarrollo que potencie las oportunidades de este pa\u00eds, le vamos a cambiar la vida a todos los argentinos. Es ahora, hagamos el cambio de nuestras vidas&#8221;, cerr\u00f3.<\/p>\n\n\n\n<figure class=\"wp-block-image\"><img decoding=\"async\" src=\"https:\/\/www.diariochaco.com\/content\/bucket\/8\/579378w790h526c.jpg.webp\" alt=\"\"\/><\/figure>\n\n\n\n<p>Morales, por su parte, se\u00f1al\u00f3: &#8220;Los que generamos grandes cambios, como la transformaci\u00f3n que pusimos en marcha en Jujuy con el litio, las energ\u00edas renovables, el turismo y el cannabis con fines medicinales, advertimos a poco de andar que no puede haber transformaci\u00f3n productiva si no hay transformaci\u00f3n educativa. El mundo est\u00e1 cambiando y demanda desaf\u00edos cient\u00edficos y tecnol\u00f3gicos que tienen que ser acompa\u00f1ados por esa transformaci\u00f3n&#8221;.<\/p>\n\n\n\n<p>Al respecto, destac\u00f3: &#8220;Reafirmamos nuestro compromiso con la educaci\u00f3n p\u00fablica, con la escuela p\u00fablica, porque garantiza el principio de igualdad y nos hace ciudadanos libres. Adem\u00e1s, nos ense\u00f1a de la tolerancia, que es lo que muchos deber\u00edan aprender. Aprender a tolerar, aprender a respetar, terminar con la violencia y terminar con la corrupci\u00f3n son los desaf\u00edos de la gran transformaci\u00f3n educativa de la Rep\u00fablica Argentina&#8221;.<\/p>\n\n\n\n<p>Poggi subray\u00f3 la importancia hist\u00f3rica del lugar donde se presentaron las propuestas. &#8220;Este solar hist\u00f3rico fue la escuela que fund\u00f3 Sarmiento y en la que, a partir de su legado, con un \u00edcono de la educaci\u00f3n argentina como Rosenda Quiroga, se cre\u00f3 la escuela de formaci\u00f3n de docentes. Muchos docentes desde aqu\u00ed, desde San Francisco del Monte de Oro, irradiaron educaci\u00f3n en las escuelas del pa\u00eds. Que hoy Horacio y Gerardo est\u00e9n proponiendo el plan nacional de educaci\u00f3n es realmente un orgullo para todos los sanluise\u00f1os&#8221;.<\/p>\n\n\n\n<h2 class=\"wp-block-heading\">LAS PROPUESTAS 10 PROPUESTAS EDUCATIVAS, UNA POR UNA:<\/h2>\n\n\n\n<p>1) Declarar servicio esencial a la educaci\u00f3n. No se van a poder cerrar m\u00e1s las escuelas. Los chicos van a tener clases a pesar de todo, a pesar de los paros o de lo que sea. Como pasa hoy con las guardias de los hospitales o con los operadores a\u00e9reos, donde el servicio no se puede suspender nunca. Las clases no se suspenden m\u00e1s.<\/p>\n\n\n\n<p>2) Garantizar 190 d\u00edas efectivos de clase en todo el pa\u00eds. Millones de familias viven con la preocupaci\u00f3n de saber que sus hijos no aprenden lo que necesitan porque no hay continuidad, porque muchos contenidos se ven por la mitad, porque cada dos por tres no hay clases. Hay provincias de nuestro pa\u00eds que llevan a\u00f1os sin educar a los chicos sostenidamente.<\/p>\n\n\n\n<p>3) Habr\u00e1 jornada extendida para los chicos que est\u00e9n por debajo de los conocimientos esperados para su edad. Hay chicos que a veces se quedan atr\u00e1s en el aprendizaje con respecto a sus compa\u00f1eros, y necesitan dedicaci\u00f3n extra. El 100% de las escuelas p\u00fablicas del pa\u00eds ofrecer\u00e1 m\u00e1s tiempo a los chicos que necesiten reforzar contenidos y ponerse al d\u00eda. Cada provincia va a poder adaptarlo a su realidad, con horas adicionales en los d\u00edas de semana, s\u00e1bados, vacaciones de verano o de invierno.<\/p>\n\n\n\n<p>4) Nuevo m\u00e9todo de lectura y comprensi\u00f3n de texto en las escuelas primarias. Que los chicos hijos pasen de grado, pero sabiendo que todav\u00eda no aprendieron a leer de corrido. Impulsar un programa en todo el pa\u00eds para mejorar la lectura en tercer grado, teniendo en cuenta la precisi\u00f3n, la velocidad y la comprensi\u00f3n. Todos los chicos van a terminar la primaria sabiendo leer y escribir como corresponde.<\/p>\n","protected":false},"excerpt":{"rendered":"<p>El precandidato presidencial, Horacio Rodr\u00edguez Larreta, y el precandidato a vicepresidente, Gerardo Morales, presentaron hoy en San Luis, junto al gobernador electo, Claudio Poggi, un&hellip; <\/p>\n","protected":false},"author":2,"featured_media":858,"comment_status":"open","ping_status":"open","sticky":false,"template":"","format":"standard","meta":{"footnotes":""},"categories":[5],"tags":[],"class_list":["post-857","post","type-post","status-publish","format-standard","has-post-thumbnail","hentry","category-politica"],"_links":{"self":[{"href":"https:\/\/lametro989.com\/index.php?rest_route=\/wp\/v2\/posts\/857","targetHints":{"allow":["GET"]}}],"collection":[{"href":"https:\/\/lametro989.com\/index.php?rest_route=\/wp\/v2\/posts"}],"about":[{"href":"https:\/\/lametro989.com\/index.php?rest_route=\/wp\/v2\/types\/post"}],"author":[{"embeddable":true,"href":"https:\/\/lametro989.com\/index.php?rest_route=\/wp\/v2\/users\/2"}],"replies":[{"embeddable":true,"href":"https:\/\/lametro989.com\/index.php?rest_route=%2Fwp%2Fv2%2Fcomments&post=857"}],"version-history":[{"count":1,"href":"https:\/\/lametro989.com\/index.php?rest_route=\/wp\/v2\/posts\/857\/revisions"}],"predecessor-version":[{"id":859,"href":"https:\/\/lametro989.com\/index.php?rest_route=\/wp\/v2\/posts\/857\/revisions\/859"}],"wp:featuredmedia":[{"embeddable":true,"href":"https:\/\/lametro989.com\/index.php?rest_route=\/wp\/v2\/media\/858"}],"wp:attachment":[{"href":"https:\/\/lametro989.com\/index.php?rest_route=%2Fwp%2Fv2%2Fmedia&parent=857"}],"wp:term":[{"taxonomy":"category","embeddable":true,"href":"https:\/\/lametro989.com\/index.php?rest_route=%2Fwp%2Fv2%2Fcategories&post=857"},{"taxonomy":"post_tag","embeddable":true,"href":"https:\/\/lametro989.com\/index.php?rest_route=%2Fwp%2Fv2%2Ftags&post=857"}],"curies":[{"name":"wp","href":"https:\/\/api.w.org\/{rel}","templated":true}]}}