{"id":861,"date":"2023-07-07T11:04:51","date_gmt":"2023-07-07T14:04:51","guid":{"rendered":"https:\/\/lametro989.com\/?p=861"},"modified":"2023-07-07T11:04:51","modified_gmt":"2023-07-07T14:04:51","slug":"fortalecimiento-del-sistema-sanitario-se-entregaron-19-ambulancias-y-5-vehiculos-utilitarios-para-expandir-la-flota-de-traslado-de-salud-publica","status":"publish","type":"post","link":"https:\/\/lametro989.com\/?p=861","title":{"rendered":"Fortalecimiento del sistema sanitario: Se entregaron 19 ambulancias y 5 veh\u00edculos utilitarios para expandir la flota de traslado de Salud P\u00fablica"},"content":{"rendered":"\n<p>Se entregaron 19 ambulancias y 5 veh\u00edculos utilitarios, que forman parte de un programa que contempla un total de 54 unidades destinadas a mejorar los servicios de salud en todo el territorio provincial. Las nuevas unidades totalmente equipadas ser\u00e1n enviadas a diversas localidades mejorando la capacidad de respuesta y atenci\u00f3n m\u00e9dica en estas \u00e1reas. <\/p>\n\n\n\n<figure class=\"wp-block-image size-large\"><img loading=\"lazy\" decoding=\"async\" width=\"1024\" height=\"768\" src=\"https:\/\/lametro989.com\/wp-content\/uploads\/2023\/07\/image-8-1024x768.png\" alt=\"\" class=\"wp-image-862\" srcset=\"https:\/\/lametro989.com\/wp-content\/uploads\/2023\/07\/image-8-1024x768.png 1024w, https:\/\/lametro989.com\/wp-content\/uploads\/2023\/07\/image-8-300x225.png 300w, https:\/\/lametro989.com\/wp-content\/uploads\/2023\/07\/image-8-768x576.png 768w, https:\/\/lametro989.com\/wp-content\/uploads\/2023\/07\/image-8-1536x1152.png 1536w, https:\/\/lametro989.com\/wp-content\/uploads\/2023\/07\/image-8.png 1600w\" sizes=\"auto, (max-width: 1024px) 100vw, 1024px\" \/><\/figure>\n\n\n\n<p>El gobernador Jorge Capitanich realiz\u00f3 este viernes&nbsp; la entrega de 19 ambulancias y 5 veh\u00edculos utilitarios para fortalecer el servicio y el sistema de acceso a la Salud P\u00fablica de la provincia. Esta entrega forma parte de un total de 54 unidades destinadas a mejorar los servicios de salud en todo el territorio provincial.<\/p>\n\n\n\n<p>La entrega tuvo lugar en el play\u00f3n del CUNE (Club Universitario de la UNNE), donde se llev\u00f3 a cabo la tercera etapa de entrega de estas unidades adquiridas por el Ministerio de Salud P\u00fablica. En esta ocasi\u00f3n, se entregaron 19 ambulancias y 5 veh\u00edculos utilitarios, que se suman a las unidades ya entregadas anteriormente.<\/p>\n\n\n\n<p>Capitanich asegur\u00f3 que estas nuevas unidades forman parte del proceso de completar un total de 54 ambulancias. \u201cEsto nos permitir\u00e1 aumentar y expandir nuestra flota de veh\u00edculos de traslado y ambulancias en toda la provincia, incluyendo tambi\u00e9n veh\u00edculos destinados a servicios mortuorios\u201d, dijo el gobernador.&nbsp;<\/p>\n\n\n\n<p>Con estas acciones, el Gobierno apunta a llegar a las 303 unidades aproximadamente, a las que con la recuperaci\u00f3n de otros veh\u00edculos, eventualmente se podr\u00e1n alcanzar las 315 ambulancias o veh\u00edculos de traslados.<\/p>\n\n\n\n<p>\u201cEsto significa que tendremos una mayor capacidad de cobertura, respaldo, reemplazo y sustituci\u00f3n, ya que es natural que estos equipos, como los camiones de tierra, pueden sufrir aver\u00edas o necesitar reparaciones que requieren mecanismos de sustituci\u00f3n o rotaci\u00f3n para garantizar la prestaci\u00f3n de servicios sanitarios\u201d, resalt\u00f3 el gobernador.<\/p>\n\n\n\n<p>\u201cEl derecho a la salud es de suma importancia, y por eso hemos realizado inversiones significativas\u201d, dijo. En este sentido explic\u00f3 que se han destinado importantes recursos para la infraestructura hospitalaria, incluyendo 52 hospitales que han sido construidos, ampliados o completamente renovados.&nbsp; Estas mejoras se han llevado a cabo con el objetivo de contar con instalaciones e infraestructura sanitaria adecuadas para ofrecer servicios de calidad. Adem\u00e1s, se realiza una gran inversi\u00f3n para asegurar una buena cobertura odontol\u00f3gica, con 75 sillones en 131 centros de salud, de un total de 474 existentes. Se han&nbsp; adquirido equipamiento para diagn\u00f3stico por im\u00e1genes, como angi\u00f3grafos, tom\u00f3grafos y resonadores magn\u00e9ticos, con el fin de contar con tecnolog\u00eda de vanguardia.&nbsp;&nbsp;<\/p>\n\n\n\n<p>\u201cEstamos haciendo todo lo posible para garantizar el derecho a la salud p\u00fablica para todos y todas\u201d, enfatiz\u00f3 el gobernador. \u201cReconocemos que existen desaf\u00edos operativos en ocasiones, pero es importante destacar que el Estado siempre est\u00e1 presente y garantiza el ejercicio de este derecho cuando lo necesitan\u201d, resalt\u00f3.<\/p>\n\n\n\n<p>Participaron de la entrega de las nuevas ambulancias y veh\u00edculos de traslados sanitarios autoridades del Ministerio de Salud P\u00fablica, intendente de las localidades de Corzuela, Rafael Carrara; de Puerto Bermejo, Isaac Velozo; de Fuerte Esperanza, In\u00e9s Ortega; adem\u00e1s de trabajadores y trabajadoras del sistema de Salud P\u00fablica.<\/p>\n\n\n\n<figure class=\"wp-block-image\"><img decoding=\"async\" src=\"https:\/\/agenciafoco.com.ar\/media\/cache\/quality\/uploads\/noticias\/64a810be3035f412851592.jpg\" alt=\"\"\/><\/figure>\n\n\n\n<h3 class=\"wp-block-heading\">Detalle de los veh\u00edculos entregados<\/h3>\n\n\n\n<p>Las 19 ambulancias son unidades de traslado 4&#215;4. Cada una de estas ambulancias tiene un costo de $26.057.370 y son de la marca Ford Ranger, equipadas con tecnolog\u00eda de \u00faltima generaci\u00f3n. Adem\u00e1s, cuentan con un completo equipamiento que incluye camilla plegable, silla de rueda ortop\u00e9dica, tubo de ox\u00edgeno en el veh\u00edculo y port\u00e1til, tensi\u00f3metro aneroide, collares cervicales, kit de emergencia, tabla lumbar y aire acondicionado y calefacci\u00f3n en ambos sectores.<\/p>\n\n\n\n<p>Estas unidades ser\u00e1n entregadas a las localidades de Colonia Aborigen, San Bernardo, R\u00edo Muerto, Colonia Ben\u00edtez, El Palmar, Corzuela, Puerto Bermejo y Colonia Popular, mejorando as\u00ed la capacidad de respuesta y atenci\u00f3n m\u00e9dica en estas \u00e1reas.<\/p>\n\n\n\n<p>Adicionalmente, se entregaron 3 unidades 4&#215;4 de Terapia Intensiva M\u00f3vil (UTIM) con un costo de $31.062.100 cada una, destinadas a las localidades de Misi\u00f3n Nueva Pompeya, El Sauzalito y Fuerte Esperanza. Cabe destacar que estas localidades recibieron su segunda unidad en los \u00faltimos 60 d\u00edas, lo que marca el compromiso del Gobierno con el fortalecimiento de la atenci\u00f3n m\u00e9dica en zonas m\u00e1s alejadas.<\/p>\n\n\n\n<p>En este contexto, tambi\u00e9n se entregaron 3 unidades tipo furg\u00f3n UTIM con un costo de $31.220.900 cada una, las cuales se destinaron a los hospitales: Hospital del Bicentenario &#8220;Gral. G\u00fcemes&#8221; en Juan Jos\u00e9 Castelli, Hospital &#8220;4 de junio-Dr. Ram\u00f3n Carrillo&#8221; y Hospital &#8220;9 de Julio&#8221; en Las Bre\u00f1as.<\/p>\n\n\n\n<p>En esta entrega, se equipa de manera completa la Unidad Central Coordinadora de Emergencias (UCCEM) con varias unidades especiales, incluyendo una segunda ambulancia neonatal con un costo de $49.720.000, una ambulancia para pacientes con obesidad m\u00f3rbida con un costo de $34.387.000, una ambulancia para pacientes con problemas de salud mental con un costo de $27.830.000 y dos ambulancias de cat\u00e1strofes con un costo de $33.594.000.<\/p>\n\n\n\n<figure class=\"wp-block-image\"><img decoding=\"async\" src=\"https:\/\/agenciafoco.com.ar\/media\/cache\/quality\/uploads\/noticias\/64a810be31573792295471.jpg\" alt=\"\"\/><\/figure>\n\n\n\n<p>Est\u00e1s 54 ambulancias se suman a la red de 249 veh\u00edculos de la flota provincial, alcanzando un total de 303 veh\u00edculos con una operatividad efectiva del 80%, lo que representa un gran avance en la capacidad de respuesta y atenci\u00f3n en emergencias m\u00e9dicas en toda la provincia .<\/p>\n\n\n\n<p>Por \u00faltimo, se sumaron a la flota de veh\u00edculos 5 utilitarios de la marca Citro\u00ebn Berlingo, con una inversi\u00f3n de $5.000.000 cada unidad. Uno de estos utilitarios fue destinado al Hospital Pedi\u00e1trico &#8220;Avelino Castel\u00e1n&#8221; y los restantes se asignaron al nivel central del Ministerio de Salud P\u00fablica.<\/p>\n","protected":false},"excerpt":{"rendered":"<p>Se entregaron 19 ambulancias y 5 veh\u00edculos utilitarios, que forman parte de un programa que contempla un total de 54 unidades destinadas a mejorar los&hellip; <\/p>\n","protected":false},"author":2,"featured_media":863,"comment_status":"open","ping_status":"open","sticky":false,"template":"","format":"standard","meta":{"footnotes":""},"categories":[9,2],"tags":[],"class_list":["post-861","post","type-post","status-publish","format-standard","has-post-thumbnail","hentry","category-destacadas","category-provinciales"],"_links":{"self":[{"href":"https:\/\/lametro989.com\/index.php?rest_route=\/wp\/v2\/posts\/861","targetHints":{"allow":["GET"]}}],"collection":[{"href":"https:\/\/lametro989.com\/index.php?rest_route=\/wp\/v2\/posts"}],"about":[{"href":"https:\/\/lametro989.com\/index.php?rest_route=\/wp\/v2\/types\/post"}],"author":[{"embeddable":true,"href":"https:\/\/lametro989.com\/index.php?rest_route=\/wp\/v2\/users\/2"}],"replies":[{"embeddable":true,"href":"https:\/\/lametro989.com\/index.php?rest_route=%2Fwp%2Fv2%2Fcomments&post=861"}],"version-history":[{"count":1,"href":"https:\/\/lametro989.com\/index.php?rest_route=\/wp\/v2\/posts\/861\/revisions"}],"predecessor-version":[{"id":864,"href":"https:\/\/lametro989.com\/index.php?rest_route=\/wp\/v2\/posts\/861\/revisions\/864"}],"wp:featuredmedia":[{"embeddable":true,"href":"https:\/\/lametro989.com\/index.php?rest_route=\/wp\/v2\/media\/863"}],"wp:attachment":[{"href":"https:\/\/lametro989.com\/index.php?rest_route=%2Fwp%2Fv2%2Fmedia&parent=861"}],"wp:term":[{"taxonomy":"category","embeddable":true,"href":"https:\/\/lametro989.com\/index.php?rest_route=%2Fwp%2Fv2%2Fcategories&post=861"},{"taxonomy":"post_tag","embeddable":true,"href":"https:\/\/lametro989.com\/index.php?rest_route=%2Fwp%2Fv2%2Ftags&post=861"}],"curies":[{"name":"wp","href":"https:\/\/api.w.org\/{rel}","templated":true}]}}