{"id":866,"date":"2023-07-07T11:23:33","date_gmt":"2023-07-07T14:23:33","guid":{"rendered":"https:\/\/lametro989.com\/?p=866"},"modified":"2023-07-07T11:23:33","modified_gmt":"2023-07-07T14:23:33","slug":"gustavo-santos-diputado-del-pro-oculta-que-vive-en-madrid-desde-hace-10-meses-tiene-un-cargo-y-cobra-en-euros","status":"publish","type":"post","link":"https:\/\/lametro989.com\/?p=866","title":{"rendered":"Gustavo Santos, diputado del PRO, oculta que vive en Madrid desde hace 10 meses: tiene un cargo y cobra en euros"},"content":{"rendered":"\n<p>El exministro de Turismo de Macri pidi\u00f3 licencia \u201cpor razones personales\u201d. No dijo que la Organizaci\u00f3n Mundial de Turismo lo design\u00f3 como director para las Am\u00e9ricas. Sigui\u00f3 cobrando vi\u00e1ticos, un subsidio para pagar alquileres y a\u00fan conserva a sus asesores parlamentarios. La conmoci\u00f3n en el Congreso.\u00a0  <\/p>\n\n\n\n<figure class=\"wp-block-image size-full\"><img loading=\"lazy\" decoding=\"async\" width=\"240\" height=\"210\" src=\"https:\/\/lametro989.com\/wp-content\/uploads\/2023\/07\/image-10.png\" alt=\"\" class=\"wp-image-867\"\/><\/figure>\n\n\n\n<p>El diputado nacional del PRO y exministro de Turismo de Mauricio Macri, Gustavo Santos, ocult\u00f3 que se fue a vivir a Madrid hace diez meses presentando un pedido de licencia \u201cpor razones personales\u201d, como si se tratara de un problema de enfermedad o alguna cuesti\u00f3n familiar por la que podr\u00eda estar ausente una o dos semanas.<\/p>\n\n\n\n<p>No dijo que la Organizaci\u00f3n Mundial de Turismo (OMT) lo design\u00f3 como director para las Am\u00e9ricas, con un sueldo de 17.000 euros mensuales, algo que es evidentemente incompatible con ser diputado nacional, en especial porque est\u00e1 radicado en otro pa\u00eds. Con la oficializaci\u00f3n del cargo en la OMT, en septiembre pasado, Santos debi\u00f3 renunciar a la banca, pero pidi\u00f3 licencia con aquella excusa de las \u201crazones personales\u201d.<\/p>\n\n\n\n<p>Los siguientes meses sigui\u00f3 cobrando, no la dieta, pero s\u00ed los vi\u00e1ticos y un subsidio para pagar alquileres y otros gastos, conocido como&nbsp;<em>desarraigo<\/em>. Pasado medio a\u00f1o, en febrero, volvi\u00f3 a pedir licencia, esta vez hasta el 10 de diciembre de 2023, o sea todo el a\u00f1o parlamentario y hasta el final del mandato. Mientras tanto, siete asesores siguieron cobrando sueldo, se gastaron 12 pasajes a\u00e9reos mensuales y tambi\u00e9n vales de nafta<\/p>\n\n\n\n<p>. Dado que es el presidente de la Comisi\u00f3n de Turismo de Diputados y se requiere, s\u00ed o s\u00ed, la convocatoria del titular, en todo lo que va de 2023 no hubo ni una sola reuni\u00f3n de la Comisi\u00f3n. Todos estos datos que public\u00f3&nbsp;<strong>P\u00e1gina\/12<\/strong>&nbsp;en exclusiva en su edici\u00f3n de ayer, provocaron conmoci\u00f3n en Diputados y nadie sabe c\u00f3mo responder a la situaci\u00f3n. Es muy probable que legisladores del Frente de Todos exijan la renuncia de Santos.<\/p>\n\n\n\n<h2 class=\"wp-block-heading\">Lo que dice el Reglamento<\/h2>\n\n\n\n<p>\u201cNing\u00fan diputado podr\u00e1 faltar a las sesiones sin permiso de la C\u00e1mara. Esta decidir\u00e1, en votaci\u00f3n especial, si las licencias se conceden, con goce de dieta o sin \u00e9l\u201d. Ese es el texto del art\u00edculo 17 del Reglamento de la Honorable C\u00e1mara de Diputados de la Naci\u00f3n.<\/p>\n\n\n\n<p>Sucede que ya hay un&nbsp;<em>usos y costumbres<\/em>&nbsp;de que esas licencias no se votan en el recinto, pero es porque habitualmente el diputado hace la petici\u00f3n porque se va a ausentar una semana o dos, no un a\u00f1o y medio. Y, adem\u00e1s,&nbsp;<strong>en este caso lo que correspond\u00eda, m\u00ednimamente, es que Santos renuncie a la banca porque est\u00e1 ocupando otro cargo, en otro pa\u00eds<\/strong>. Para tapar esa situaci\u00f3n, es que adujo los \u201cmotivos personales\u201d.<\/p>\n\n\n\n<p>Al leer la nota de&nbsp;<strong>P\u00e1gina\/12<\/strong>, Emil G\u00f3mez, al frente de un merendero en R\u00edo Segundo, public\u00f3 un dur\u00edsimo post en redes sociales: \u201c\u00a1renunci\u00e1 caradura! Ac\u00e1 nos cuesta mucho conseguir mil porciones todos viernes, no sabemos de d\u00f3nde sacar frazadas, acabo de leer que cobra 17.000 euros y hace diez meses que no va a trabajar a la C\u00e1mara de Diputados\u201d.<\/p>\n\n\n\n<h2 class=\"wp-block-heading\">Director con habilidades para los negocios<\/h2>\n\n\n\n<p>Al frente del ministerio de Turismo, en \u00e9poca de Macri, Santos tuvo como eje central la promoci\u00f3n de las compa\u00f1\u00edas a\u00e9reas low cost y algunas otras iniciativas, siempre vinculadas a negocios en los que estaban interesados los amigos de Mauricio. Un impulso conocido de su gesti\u00f3n fue el del glamping, camping de lujo, en Parques Nacionales, a un costo de unos 130.000 pesos la noche.<\/p>\n\n\n\n<p>Por eso, la designaci\u00f3n como director para las Am\u00e9ricas hizo much\u00edsimo ruido, en esencia porque el actual gobierno tuvo una orientaci\u00f3n muy distinta: impulsar la inversi\u00f3n estatal para que m\u00e1s gente pueda visitar los destinos tur\u00edsticos. Los ejemplos m\u00e1s fuertes fueron los distintos pre-viajes y la reconstrucci\u00f3n de dos complejos tur\u00edsticos emblem\u00e1ticos y estatales, Chapadmalal y Embalse R\u00edo Tercero. Y, obviamente, la consolidaci\u00f3n de Aerol\u00edneas Argentinas.<\/p>\n\n\n\n<p>\u201cLa designaci\u00f3n no representa a Argentina -manifest\u00f3 el Ministerio de Turismo en el momento del nombramiento de Santos-. Fue sin ning\u00fan visto bueno oficial y es una intromisi\u00f3n a la pol\u00edtica interna nombrar a un diputado opositor al frente de la OMT, sin siquiera consultarnos\u201d.<\/p>\n\n\n\n<p>La versi\u00f3n m\u00e1s extendida es que Santos fue puesto en el cargo por el pol\u00e9mico secretario general de la OMT, Zulab Pololikashvilli, georgiano, en el marco de una pol\u00edtica de alianza de la organizaci\u00f3n con Arabia Saudita. Hubo un intento de llevar la central de la OMT a una ciudad saudita, pero el proyecto se derrumb\u00f3 por la dur\u00edsima oposici\u00f3n de Espa\u00f1a, sede actual de la OMT.<\/p>\n\n\n\n<p>Dicen que hoy por hoy hay una mega-pelea en la OMT por la organizaci\u00f3n de la Expo-Mundial 2030. La disputa es entre Corea del Sur y Arabia Saudita y Santos tiene puntos a favor por ser team-Macri. Ya se sabe, la cercan\u00eda que el expresidente mantiene con el r\u00e9gimen de Ryad y en particular con el hombre que tiene el poder, el pr\u00edncipe heredero, Mohammad bin Salman. El cargo al que accedi\u00f3 Santos requer\u00eda -como es evidente- el dominio del idioma ingl\u00e9s. Sin embargo, el diputado nacional cordob\u00e9s necesita de un traductor en forma permanente, contraviniendo los requerimientos para el puesto. La promoci\u00f3n de negocios parece que prevalece frente al manejo de idiomas.<\/p>\n\n\n\n<h2 class=\"wp-block-heading\">Silencios que hacen mucho ruido<\/h2>\n\n\n\n<p><strong>De pronto, Santos es un miembro -siempre ausente- del bloque de Juntos por el Cambio.&nbsp;<\/strong>La fuerza macrista no hizo ning\u00fan movimiento en los diez meses de ausencia del legislador. De forma asombrosa, no le exige la renuncia y permite que siga teniendo asesores -unos tres millones de pesos mensuales- y los gastos de viaje de un diputado que, en las cinco sesiones del primer semestre 2023, estuvo s\u00f3lo en una -febrero- y ausente por licencia en las cuatro restantes. Y, encima, ya adelant\u00f3 que no va a estar en todo el resto del a\u00f1o.<\/p>\n\n\n\n<p>De hecho, la inacci\u00f3n del bloque termina derivando en complicidad con un hecho que entra en el terreno de la corrupci\u00f3n: tienen un miembro que cobra y no trabaja. Y que, adem\u00e1s, avisa que no va a trabajar de ac\u00e1 a fin de a\u00f1o,&nbsp;<strong>porque vive en otro pa\u00eds y tiene otro trabajo<\/strong>. Al bloque macrista parece no importarle incluso teniendo en cuenta que los n\u00fameros en Diputados est\u00e1n muy parejos. \u00bfSer\u00e1 que el hombre es un intocable porque se referencia directo-directo con Macri?.<\/p>\n\n\n\n<p>Desde Madrid, el diputado igual no pierde la oportunidad para dejar en claro cu\u00e1l es su ubicaci\u00f3n pol\u00edtica. En Instagram postea una foto con Mauricio Macri y un texto con un corolario: \u201cun l\u00edder \u00fanico, un amigo incondicional\u201d.&nbsp;<\/p>\n","protected":false},"excerpt":{"rendered":"<p>El exministro de Turismo de Macri pidi\u00f3 licencia \u201cpor razones personales\u201d. No dijo que la Organizaci\u00f3n Mundial de Turismo lo design\u00f3 como director para las&hellip; <\/p>\n","protected":false},"author":2,"featured_media":867,"comment_status":"open","ping_status":"open","sticky":false,"template":"","format":"standard","meta":{"footnotes":""},"categories":[9,5],"tags":[],"class_list":["post-866","post","type-post","status-publish","format-standard","has-post-thumbnail","hentry","category-destacadas","category-politica"],"_links":{"self":[{"href":"https:\/\/lametro989.com\/index.php?rest_route=\/wp\/v2\/posts\/866","targetHints":{"allow":["GET"]}}],"collection":[{"href":"https:\/\/lametro989.com\/index.php?rest_route=\/wp\/v2\/posts"}],"about":[{"href":"https:\/\/lametro989.com\/index.php?rest_route=\/wp\/v2\/types\/post"}],"author":[{"embeddable":true,"href":"https:\/\/lametro989.com\/index.php?rest_route=\/wp\/v2\/users\/2"}],"replies":[{"embeddable":true,"href":"https:\/\/lametro989.com\/index.php?rest_route=%2Fwp%2Fv2%2Fcomments&post=866"}],"version-history":[{"count":1,"href":"https:\/\/lametro989.com\/index.php?rest_route=\/wp\/v2\/posts\/866\/revisions"}],"predecessor-version":[{"id":868,"href":"https:\/\/lametro989.com\/index.php?rest_route=\/wp\/v2\/posts\/866\/revisions\/868"}],"wp:featuredmedia":[{"embeddable":true,"href":"https:\/\/lametro989.com\/index.php?rest_route=\/wp\/v2\/media\/867"}],"wp:attachment":[{"href":"https:\/\/lametro989.com\/index.php?rest_route=%2Fwp%2Fv2%2Fmedia&parent=866"}],"wp:term":[{"taxonomy":"category","embeddable":true,"href":"https:\/\/lametro989.com\/index.php?rest_route=%2Fwp%2Fv2%2Fcategories&post=866"},{"taxonomy":"post_tag","embeddable":true,"href":"https:\/\/lametro989.com\/index.php?rest_route=%2Fwp%2Fv2%2Ftags&post=866"}],"curies":[{"name":"wp","href":"https:\/\/api.w.org\/{rel}","templated":true}]}}