{"id":876,"date":"2023-07-07T21:08:26","date_gmt":"2023-07-08T00:08:26","guid":{"rendered":"https:\/\/lametro989.com\/?p=876"},"modified":"2023-07-07T21:08:26","modified_gmt":"2023-07-08T00:08:26","slug":"copa-argentina-for-ever-enfrentara-a-rosario-central-el-2-de-agosto","status":"publish","type":"post","link":"https:\/\/lametro989.com\/?p=876","title":{"rendered":"Copa Argentina: For Ever enfrentar\u00e1 a Rosario Central el 2 de agosto"},"content":{"rendered":"\n<p>La organizaci\u00f3n del torneo m\u00e1s federal del f\u00fatbol argentino a\u00fan no confirm\u00f3 el escenario donde se medir\u00e1n el \u201cNegro\u201d de Resistencia y el \u201cCanalla\u201d de Rosario, que vienen de dejar afuera a Sarmiento de Jun\u00edn y Central Norte, respectivamente.<\/p>\n\n\n\n<figure class=\"wp-block-image size-large\"><img loading=\"lazy\" decoding=\"async\" width=\"1024\" height=\"614\" src=\"https:\/\/lametro989.com\/wp-content\/uploads\/2023\/07\/imagen-78-1024x614.png\" alt=\"\" class=\"wp-image-877\" srcset=\"https:\/\/lametro989.com\/wp-content\/uploads\/2023\/07\/imagen-78-1024x614.png 1024w, https:\/\/lametro989.com\/wp-content\/uploads\/2023\/07\/imagen-78-300x180.png 300w, https:\/\/lametro989.com\/wp-content\/uploads\/2023\/07\/imagen-78-768x461.png 768w, https:\/\/lametro989.com\/wp-content\/uploads\/2023\/07\/imagen-78.png 1500w\" sizes=\"auto, (max-width: 1024px) 100vw, 1024px\" \/><\/figure>\n\n\n\n<p>Los organizadores de la Copa Argentina, torneo en el que se enfrentan los equipos de todas las categor\u00edas profesionales del f\u00fatbol nacional, program\u00f3 para el mi\u00e9rcoles 2 de agosto el partido que, por los 16 avos del torneo, disputar\u00e1n Chaco For Ever y Rosario Central.&nbsp;<\/p>\n\n\n\n<p>En ese marco, se espera ahora la confirmaci\u00f3n de la hora en que se disputar\u00e1 el encuentro, pero fundamentalmente el escenario, que debe ser neutral, y que albergar\u00e1 a ambas parcialidades.&nbsp;<\/p>\n\n\n\n<p>La fase final del torneo comenz\u00f3 con los 32 avos de final. En esa instancia, el \u201cNegro\u201d enfrent\u00f3 a Sarmiento de Juni\u00f3n el 8 de marzo, en el estadio Brigadier Pedro Bidegain, de Col\u00f3n de Santa Fe, y se impuso por penales tras empatar 0 a 0 en el tiempo regular.&nbsp;<\/p>\n\n\n\n<p>Por aquellos d\u00edas, el equipo era conducido por Pedro Martel y For Ever fue uno de los pocos equipos del ascenso que dej\u00f3 afuera de la competencia a un rival de primera.&nbsp;<\/p>\n\n\n\n<p>En cambio, con Central se dio la \u201cl\u00f3gica\u201d. El \u201cCanalla\u201d enfrent\u00f3 a Central Norte, equipo que milita en el Torneo Federal \u201cA\u201d y se impuso sin atenuantes por un contundente 4 a 1.&nbsp;<\/p>\n\n\n\n<p>El ganador de la llave entre For Ever y Central jugar\u00e1, en octavos de final, contra el equipo que se imponga en el duelo entre Villa Mitre, de Bah\u00eda Blanca y Godoy Cruz de Mendoza.&nbsp;<\/p>\n","protected":false},"excerpt":{"rendered":"<p>La organizaci\u00f3n del torneo m\u00e1s federal del f\u00fatbol argentino a\u00fan no confirm\u00f3 el escenario donde se medir\u00e1n el \u201cNegro\u201d de Resistencia y el \u201cCanalla\u201d de&hellip; <\/p>\n","protected":false},"author":2,"featured_media":877,"comment_status":"open","ping_status":"open","sticky":false,"template":"","format":"standard","meta":{"footnotes":""},"categories":[10],"tags":[],"class_list":["post-876","post","type-post","status-publish","format-standard","has-post-thumbnail","hentry","category-deportes"],"_links":{"self":[{"href":"https:\/\/lametro989.com\/index.php?rest_route=\/wp\/v2\/posts\/876","targetHints":{"allow":["GET"]}}],"collection":[{"href":"https:\/\/lametro989.com\/index.php?rest_route=\/wp\/v2\/posts"}],"about":[{"href":"https:\/\/lametro989.com\/index.php?rest_route=\/wp\/v2\/types\/post"}],"author":[{"embeddable":true,"href":"https:\/\/lametro989.com\/index.php?rest_route=\/wp\/v2\/users\/2"}],"replies":[{"embeddable":true,"href":"https:\/\/lametro989.com\/index.php?rest_route=%2Fwp%2Fv2%2Fcomments&post=876"}],"version-history":[{"count":1,"href":"https:\/\/lametro989.com\/index.php?rest_route=\/wp\/v2\/posts\/876\/revisions"}],"predecessor-version":[{"id":878,"href":"https:\/\/lametro989.com\/index.php?rest_route=\/wp\/v2\/posts\/876\/revisions\/878"}],"wp:featuredmedia":[{"embeddable":true,"href":"https:\/\/lametro989.com\/index.php?rest_route=\/wp\/v2\/media\/877"}],"wp:attachment":[{"href":"https:\/\/lametro989.com\/index.php?rest_route=%2Fwp%2Fv2%2Fmedia&parent=876"}],"wp:term":[{"taxonomy":"category","embeddable":true,"href":"https:\/\/lametro989.com\/index.php?rest_route=%2Fwp%2Fv2%2Fcategories&post=876"},{"taxonomy":"post_tag","embeddable":true,"href":"https:\/\/lametro989.com\/index.php?rest_route=%2Fwp%2Fv2%2Ftags&post=876"}],"curies":[{"name":"wp","href":"https:\/\/api.w.org\/{rel}","templated":true}]}}