{"id":882,"date":"2023-07-07T21:23:50","date_gmt":"2023-07-08T00:23:50","guid":{"rendered":"https:\/\/lametro989.com\/?p=882"},"modified":"2023-07-07T21:23:50","modified_gmt":"2023-07-08T00:23:50","slug":"convocan-a-una-marcha-para-rechazar-la-prision-domiciliaria-de-emerenciano-sena-y-marcela-acuna","status":"publish","type":"post","link":"https:\/\/lametro989.com\/?p=882","title":{"rendered":"Convocan a una marcha para rechazar la prisi\u00f3n domiciliaria de Emerenciano Sena y Marcela Acu\u00f1a"},"content":{"rendered":"\n<p>Ser\u00e1 este domingo 9 de julio, desde el m\u00e1stil mayor de la plaza 25 de Mayo, para dirigirse hacia las fiscal\u00edas ubicadas a poco m\u00e1s de dos cuadras, en avenida 9 de Julio 236.<\/p>\n\n\n\n<figure class=\"wp-block-image size-full\"><img loading=\"lazy\" decoding=\"async\" width=\"756\" height=\"813\" src=\"https:\/\/lametro989.com\/wp-content\/uploads\/2023\/07\/imagen-80.png\" alt=\"\" class=\"wp-image-883\" srcset=\"https:\/\/lametro989.com\/wp-content\/uploads\/2023\/07\/imagen-80.png 756w, https:\/\/lametro989.com\/wp-content\/uploads\/2023\/07\/imagen-80-279x300.png 279w\" sizes=\"auto, (max-width: 756px) 100vw, 756px\" \/><\/figure>\n\n\n\n<p>Gloria Romero, madre de Cecilia Strzyzowski, convoc\u00f3 para este domingo 9 de julio, desde las 16.30, a una nueva marcha. Esta vez ser\u00e1 para rechazar la prisi\u00f3n domiciliaria de los imputados Emerenciano Sena y Marrcela Acu\u00f1a, en vistas de los pedidos hechos por la dirigente a trav\u00e9s de cartas difundidas p\u00fablicamente sobre los problemas de salud, sobre todo de su esposo, que fundamentar\u00edan ese beneficio. &nbsp;<\/p>\n\n\n\n<p>\u201cVamos a concentrarnos en la plaza para ir hasta el frente a la fiscal\u00eda, para que <strong>recuerden cu\u00e1nta gente se opone a que les den domiciliaria<\/strong>\u201d, dijo Gloria en la convocatoria hecha hoy a trav\u00e9s de su cuenta de Instagram. \u201cEs la \u00fanica forma de que entiendan (las autoridades judiciales) que Cecilia est\u00e1 presente. No vamos a aceptar la domiciliaria\u201d, subray\u00f3.<\/p>\n\n\n\n<p>\u201cVamos a llenar la 9 de Julio. Quiero que vean la cantidad de gente que est\u00e1 en desacuerdo con las domiciliarias. Est\u00e1n haciendo un circo\u201d, sostuvo y pidi\u00f3 que vengan a acompa\u00f1arla desde Corrientes, Barranqueras, Fontana y desde todo el interior del Chaco.<\/p>\n\n\n\n<figure class=\"wp-block-image\"><img decoding=\"async\" src=\"https:\/\/agenciafoco.com.ar\/media\/cache\/quality\/uploads\/noticias\/64a885d046eff143221170.jpeg\" alt=\"\"\/><\/figure>\n\n\n\n<p>Foto de archivo<\/p>\n","protected":false},"excerpt":{"rendered":"<p>Ser\u00e1 este domingo 9 de julio, desde el m\u00e1stil mayor de la plaza 25 de Mayo, para dirigirse hacia las fiscal\u00edas ubicadas a poco m\u00e1s&hellip; <\/p>\n","protected":false},"author":2,"featured_media":883,"comment_status":"open","ping_status":"open","sticky":false,"template":"","format":"standard","meta":{"footnotes":""},"categories":[9,2],"tags":[],"class_list":["post-882","post","type-post","status-publish","format-standard","has-post-thumbnail","hentry","category-destacadas","category-provinciales"],"_links":{"self":[{"href":"https:\/\/lametro989.com\/index.php?rest_route=\/wp\/v2\/posts\/882","targetHints":{"allow":["GET"]}}],"collection":[{"href":"https:\/\/lametro989.com\/index.php?rest_route=\/wp\/v2\/posts"}],"about":[{"href":"https:\/\/lametro989.com\/index.php?rest_route=\/wp\/v2\/types\/post"}],"author":[{"embeddable":true,"href":"https:\/\/lametro989.com\/index.php?rest_route=\/wp\/v2\/users\/2"}],"replies":[{"embeddable":true,"href":"https:\/\/lametro989.com\/index.php?rest_route=%2Fwp%2Fv2%2Fcomments&post=882"}],"version-history":[{"count":1,"href":"https:\/\/lametro989.com\/index.php?rest_route=\/wp\/v2\/posts\/882\/revisions"}],"predecessor-version":[{"id":884,"href":"https:\/\/lametro989.com\/index.php?rest_route=\/wp\/v2\/posts\/882\/revisions\/884"}],"wp:featuredmedia":[{"embeddable":true,"href":"https:\/\/lametro989.com\/index.php?rest_route=\/wp\/v2\/media\/883"}],"wp:attachment":[{"href":"https:\/\/lametro989.com\/index.php?rest_route=%2Fwp%2Fv2%2Fmedia&parent=882"}],"wp:term":[{"taxonomy":"category","embeddable":true,"href":"https:\/\/lametro989.com\/index.php?rest_route=%2Fwp%2Fv2%2Fcategories&post=882"},{"taxonomy":"post_tag","embeddable":true,"href":"https:\/\/lametro989.com\/index.php?rest_route=%2Fwp%2Fv2%2Ftags&post=882"}],"curies":[{"name":"wp","href":"https:\/\/api.w.org\/{rel}","templated":true}]}}