{"id":885,"date":"2023-07-07T21:30:48","date_gmt":"2023-07-08T00:30:48","guid":{"rendered":"https:\/\/lametro989.com\/?p=885"},"modified":"2023-07-07T21:30:48","modified_gmt":"2023-07-08T00:30:48","slug":"un-buque-de-la-armada-argentina-choco-el-muelle-del-puerto-de-corrientes","status":"publish","type":"post","link":"https:\/\/lametro989.com\/?p=885","title":{"rendered":"Un buque de la Armada Argentina choc\u00f3 el muelle del puerto de Corrientes"},"content":{"rendered":"\n<p>Un grupo de personas que almorzaba en el flotante amarrado al puerto de Corrientes se llev\u00f3 un gran susto en la siesta de este viernes, cuando un barco de la Armada Argentina colision\u00f3, la estructura reci\u00e9n reparada del muelle.<\/p>\n\n\n\n<figure class=\"wp-block-image size-full\"><img loading=\"lazy\" decoding=\"async\" width=\"660\" height=\"439\" src=\"https:\/\/lametro989.com\/wp-content\/uploads\/2023\/07\/imagen-81.png\" alt=\"\" class=\"wp-image-887\" srcset=\"https:\/\/lametro989.com\/wp-content\/uploads\/2023\/07\/imagen-81.png 660w, https:\/\/lametro989.com\/wp-content\/uploads\/2023\/07\/imagen-81-300x200.png 300w\" sizes=\"auto, (max-width: 660px) 100vw, 660px\" \/><\/figure>\n\n\n\n<p><strong>Se trata de una de las naves comisionada a la zona de la Isla Apip\u00e9 por el gobierno nacional para mantener bajo control la tensa situaci\u00f3n con la Armada de Paraguay a ra\u00edz del conflicto de l\u00edmites en esas aguas que al parecer deb\u00eda repostar en la vecina capial.<\/strong><\/p>\n\n\n\n<figure class=\"wp-block-embed is-type-video is-provider-youtube wp-block-embed-youtube wp-embed-aspect-4-3 wp-has-aspect-ratio\"><div class=\"wp-block-embed__wrapper\">\n<iframe loading=\"lazy\" title=\"Un barco de la Armada Argentina choc\u00f3 el muelle del puerto de Corrientes\" width=\"790\" height=\"593\" src=\"https:\/\/www.youtube.com\/embed\/OETkS-JgptQ?feature=oembed\" frameborder=\"0\" allow=\"accelerometer; autoplay; clipboard-write; encrypted-media; gyroscope; picture-in-picture; web-share\" allowfullscreen><\/iframe>\n<\/div><\/figure>\n\n\n\n<p>El momento en el que el barco se desliza hacia la costa, roza el bar flotante y dos lanchas y se apoya contra el mulle, fue capturado en video por una de las personas que estaba en el lugar. \u00abNo, no, no; se va a mover un poquito, le agarrarron, no pueden ser mas pel\u2026\u00bb, se escucha decir a la persona mientras filmaba el dram\u00e1tico momento.<\/p>\n\n\n\n<p>La llegada del buque \u00abdestructor\u00bb, argentino se da justo en el momento en el que el canciller Santiago Cafiero se encuentra arribando a la provincia de Corrientes por el conflicto con el Paraguay por cuestiones lim\u00edtrofes con Ituzaing\u00f3.<\/p>\n","protected":false},"excerpt":{"rendered":"<p>Un grupo de personas que almorzaba en el flotante amarrado al puerto de Corrientes se llev\u00f3 un gran susto en la siesta de este viernes,&hellip; <\/p>\n","protected":false},"author":2,"featured_media":887,"comment_status":"open","ping_status":"open","sticky":false,"template":"","format":"standard","meta":{"footnotes":""},"categories":[9,13],"tags":[],"class_list":["post-885","post","type-post","status-publish","format-standard","has-post-thumbnail","hentry","category-destacadas","category-nacionales"],"_links":{"self":[{"href":"https:\/\/lametro989.com\/index.php?rest_route=\/wp\/v2\/posts\/885","targetHints":{"allow":["GET"]}}],"collection":[{"href":"https:\/\/lametro989.com\/index.php?rest_route=\/wp\/v2\/posts"}],"about":[{"href":"https:\/\/lametro989.com\/index.php?rest_route=\/wp\/v2\/types\/post"}],"author":[{"embeddable":true,"href":"https:\/\/lametro989.com\/index.php?rest_route=\/wp\/v2\/users\/2"}],"replies":[{"embeddable":true,"href":"https:\/\/lametro989.com\/index.php?rest_route=%2Fwp%2Fv2%2Fcomments&post=885"}],"version-history":[{"count":1,"href":"https:\/\/lametro989.com\/index.php?rest_route=\/wp\/v2\/posts\/885\/revisions"}],"predecessor-version":[{"id":888,"href":"https:\/\/lametro989.com\/index.php?rest_route=\/wp\/v2\/posts\/885\/revisions\/888"}],"wp:featuredmedia":[{"embeddable":true,"href":"https:\/\/lametro989.com\/index.php?rest_route=\/wp\/v2\/media\/887"}],"wp:attachment":[{"href":"https:\/\/lametro989.com\/index.php?rest_route=%2Fwp%2Fv2%2Fmedia&parent=885"}],"wp:term":[{"taxonomy":"category","embeddable":true,"href":"https:\/\/lametro989.com\/index.php?rest_route=%2Fwp%2Fv2%2Fcategories&post=885"},{"taxonomy":"post_tag","embeddable":true,"href":"https:\/\/lametro989.com\/index.php?rest_route=%2Fwp%2Fv2%2Ftags&post=885"}],"curies":[{"name":"wp","href":"https:\/\/api.w.org\/{rel}","templated":true}]}}