{"id":889,"date":"2023-07-07T21:38:10","date_gmt":"2023-07-08T00:38:10","guid":{"rendered":"https:\/\/lametro989.com\/?p=889"},"modified":"2023-07-07T21:38:10","modified_gmt":"2023-07-08T00:38:10","slug":"natalia-oreiro-conto-que-sufre-misofonia-afecta-a-muchas-personas-y-es-bueno-poder-hablarlo","status":"publish","type":"post","link":"https:\/\/lametro989.com\/?p=889","title":{"rendered":"Natalia Oreiro cont\u00f3 que sufre misofon\u00eda: &#8220;Afecta a muchas personas y es bueno poder hablarlo&#8221;"},"content":{"rendered":"\n<p>\u00a0Yarina Zitzer, m\u00e9dica fonaudi\u00f3loga, habl\u00f3 con CCN 92.9 en el programa Los Primeros de la Tarde, conducido por P\u00eda Shaw, respecto de la misofon\u00eda que la actirz, modelo y cantante, Natalia Oreiro cont\u00f3 que padece desde siempre.<\/p>\n\n\n\n<figure class=\"wp-block-image size-full\"><img loading=\"lazy\" decoding=\"async\" width=\"696\" height=\"392\" src=\"https:\/\/lametro989.com\/wp-content\/uploads\/2023\/07\/imagen-82.png\" alt=\"\" class=\"wp-image-890\" srcset=\"https:\/\/lametro989.com\/wp-content\/uploads\/2023\/07\/imagen-82.png 696w, https:\/\/lametro989.com\/wp-content\/uploads\/2023\/07\/imagen-82-300x169.png 300w\" sizes=\"auto, (max-width: 696px) 100vw, 696px\" \/><\/figure>\n\n\n\n<p><em>&#8220;Cada vez hay m\u00e1s gente que consulta por este trastorno neurol\u00f3gico. La realidad es que no se habla mucho de este tema, entonces, las personas lo tienen, pero no saben a qu\u00e9 atribuir ese malestar. Esto de poder hablar sobre misofon\u00eda, esta nota que dio Natalia Agueiro, es s\u00faper importante porque la gente que tal vez toda su vida o desde chico se sinti\u00f3 como alterado al percibir ciertos sonidos, que tal vez para la mayor\u00eda de las personas no sean molestos, pero para las personas que tienen misofon\u00eda realmente pueden tener hasta conductas evitativas, dejar de ir a ciertos espacios, situaciones sociales, familiares complicadas&#8221;,&nbsp;<\/em> explic\u00f3.<\/p>\n\n\n\n<p>La misofon\u00eda significa una fuerte aversi\u00f3n a ciertos sonidos repetitivos producidos por otras personas, como son: ruidos como la masticaci\u00f3n, el tintineo de los cubiertos o el golpeteo de los dedos. Algunos de los sonidos que causan este malestar tienen una intensidad relativamente baja.<\/p>\n\n\n\n<p><strong>Para comprender los alcances de esta afecci\u00f3n neurol\u00f3gica, dale play y escuch\u00e1 la nota completa.<\/strong><\/p>\n","protected":false},"excerpt":{"rendered":"<p>\u00a0Yarina Zitzer, m\u00e9dica fonaudi\u00f3loga, habl\u00f3 con CCN 92.9 en el programa Los Primeros de la Tarde, conducido por P\u00eda Shaw, respecto de la misofon\u00eda que&hellip; <\/p>\n","protected":false},"author":2,"featured_media":890,"comment_status":"open","ping_status":"open","sticky":false,"template":"","format":"standard","meta":{"footnotes":""},"categories":[13],"tags":[],"class_list":["post-889","post","type-post","status-publish","format-standard","has-post-thumbnail","hentry","category-nacionales"],"_links":{"self":[{"href":"https:\/\/lametro989.com\/index.php?rest_route=\/wp\/v2\/posts\/889","targetHints":{"allow":["GET"]}}],"collection":[{"href":"https:\/\/lametro989.com\/index.php?rest_route=\/wp\/v2\/posts"}],"about":[{"href":"https:\/\/lametro989.com\/index.php?rest_route=\/wp\/v2\/types\/post"}],"author":[{"embeddable":true,"href":"https:\/\/lametro989.com\/index.php?rest_route=\/wp\/v2\/users\/2"}],"replies":[{"embeddable":true,"href":"https:\/\/lametro989.com\/index.php?rest_route=%2Fwp%2Fv2%2Fcomments&post=889"}],"version-history":[{"count":1,"href":"https:\/\/lametro989.com\/index.php?rest_route=\/wp\/v2\/posts\/889\/revisions"}],"predecessor-version":[{"id":891,"href":"https:\/\/lametro989.com\/index.php?rest_route=\/wp\/v2\/posts\/889\/revisions\/891"}],"wp:featuredmedia":[{"embeddable":true,"href":"https:\/\/lametro989.com\/index.php?rest_route=\/wp\/v2\/media\/890"}],"wp:attachment":[{"href":"https:\/\/lametro989.com\/index.php?rest_route=%2Fwp%2Fv2%2Fmedia&parent=889"}],"wp:term":[{"taxonomy":"category","embeddable":true,"href":"https:\/\/lametro989.com\/index.php?rest_route=%2Fwp%2Fv2%2Fcategories&post=889"},{"taxonomy":"post_tag","embeddable":true,"href":"https:\/\/lametro989.com\/index.php?rest_route=%2Fwp%2Fv2%2Ftags&post=889"}],"curies":[{"name":"wp","href":"https:\/\/api.w.org\/{rel}","templated":true}]}}