{"id":892,"date":"2023-07-07T21:43:33","date_gmt":"2023-07-08T00:43:33","guid":{"rendered":"https:\/\/lametro989.com\/?p=892"},"modified":"2023-07-07T21:43:33","modified_gmt":"2023-07-08T00:43:33","slug":"marcela-acuna-debe-cambiar-su-abogado-por-intereses-contrapuestos-la-estrategia-de-osuna","status":"publish","type":"post","link":"https:\/\/lametro989.com\/?p=892","title":{"rendered":"Marcela Acu\u00f1a debe cambiar su abogado por &#8220;intereses contrapuestos&#8221;: la estrategia de Osuna"},"content":{"rendered":"\n<p>El Ministerio P\u00fablico Fiscal dict\u00f3 una resoluci\u00f3n donde argumentan que Osuna no puede asumir como defensor de los tres integrantes familiares debido al Art\u00edculo 129 del C\u00f3digo Procesal Penal. La estrategia de la defensa apunta a un desdoblamiento.<\/p>\n\n\n\n<figure class=\"wp-block-image size-full\"><img loading=\"lazy\" decoding=\"async\" width=\"850\" height=\"605\" src=\"https:\/\/lametro989.com\/wp-content\/uploads\/2023\/07\/imagen-83.png\" alt=\"\" class=\"wp-image-893\" srcset=\"https:\/\/lametro989.com\/wp-content\/uploads\/2023\/07\/imagen-83.png 850w, https:\/\/lametro989.com\/wp-content\/uploads\/2023\/07\/imagen-83-300x214.png 300w, https:\/\/lametro989.com\/wp-content\/uploads\/2023\/07\/imagen-83-768x547.png 768w\" sizes=\"auto, (max-width: 850px) 100vw, 850px\" \/><\/figure>\n\n\n\n<p>El Equipo Fiscal Especial notific\u00f3 este viernes a Marcela Acu\u00f1a la imposibilidad de que mantenga como abogado defensor a Ricardo Osuna -quien tambi\u00e9n defiende a C\u00e9sar y a Emerenciano-, bajo el argumento que plantea <strong>&#8220;intereses contrapuestos&#8221;<\/strong> en el Art\u00edculo 129 del C\u00f3digo Procesal Penal.<\/p>\n\n\n\n<p>En la resoluci\u00f3n del MPF se plante\u00f3 que Osuna no puede mantener la defensa de Acu\u00f1a ya que \u00e9sta, expresamente mediante sus cartas, responsabiliz\u00f3 a su hijo C\u00e9sar por el femicidio <strong>&#8220;pasional&#8221;<\/strong>&#8211; seg\u00fan describi\u00f3- de Cecilia Strzyzowski, y esto contradice la posibilidad de una defensa estrat\u00e9gica y efectiva para el joven de 19 a\u00f1os. Como resultado, <strong>Acu\u00f1a deber\u00e1 ser representada por un nuevo abogado<\/strong> o, en caso contrario, <strong>se le asignar\u00e1 un defensor oficial.&nbsp;<\/strong><\/p>\n\n\n\n<p>La fundamentaci\u00f3n de esta resoluci\u00f3n tambi\u00e9n <strong>cuenta con jurisprudencia del Superior Tribunal de Justicia.<\/strong> El equipo de Osuna n<strong>o tiene m\u00e1s remedio que acatar la resoluci\u00f3n<\/strong>, o en todo caso, <strong>plantear una estrategia alternativa<\/strong>.<\/p>\n\n\n\n<p>En di\u00e1logo con <strong>Diario Chaco<\/strong>&nbsp;, el abogado confirm\u00f3 acerca la situaci\u00f3n y afirm\u00f3 que <strong>&#8220;no dar\u00e1 el brazo a torcer&#8221;<\/strong> ante lo que, acus\u00f3, es una nueva medida surgida de los fiscales para dificultar la defensa de la familia Sena.<\/p>\n\n\n\n<p>De esta manera, Osuna confes\u00f3 que ya est\u00e1 en tratativas para conseguir la representaci\u00f3n de una nueva abogada que represente a Marcela Acu\u00f1a. En caso de que la oferta le sea rechazada, adelant\u00f3 a este medio que <strong>desdoblar\u00e1 las defensas.<\/strong> Esto quiere decir que<strong> renunciar\u00e1 a la defensa de C\u00e9sar, y se quedar\u00e1 \u00fanicamente con las de Marcela Acu\u00f1a y Emerenciano Sena.&nbsp;<\/strong><\/p>\n\n\n\n<p>Sin embargo, esta ser\u00eda la \u00faltima medida que a Osuna le complacer\u00eda tomar. Fue la propia Acu\u00f1a quien le manifest\u00f3 este viernes para que contin\u00fae representando a C\u00e9sar debido al v\u00ednculo que ya logr\u00f3 generar desde su asunci\u00f3n. Al tener esto en cuenta, Osuna afirm\u00f3 que, <strong>en caso de renunciar a la defensa del principal acusado, ser\u00e1 reemplazado por un abogado de su propio equipo.<\/strong><ins><\/ins><\/p>\n\n\n\n<p>Por otra parte, una fuente judicial relat\u00f3 a <strong>Diario Chaco<\/strong> que esta fundamentaci\u00f3n de intereses contrapuestos es expresamente necesaria <strong>para no encontrar obst\u00e1culos procesales en un futuro<\/strong>. &#8220;Como estrategia de defensa, despu\u00e9s te pueden plantear que viene un abogado de C\u00e9sar y nos plantea la nulidad de todo porque \u00e9l no tuvo defensa efectiva&#8221;, afirm\u00f3.<\/p>\n\n\n\n<figure class=\"wp-block-image\"><img decoding=\"async\" src=\"https:\/\/www.diariochaco.com\/content\/bucket\/0\/579460w790h135c.jpg.webp\" alt=\"\"\/><\/figure>\n\n\n\n<p>As\u00ed las cosas, Marcela Acu\u00f1a continuar\u00e1 siendo representada por Ricardo Osuna hasta que el letrado decida una estrategia a seguir. No hay opci\u00f3n o recurso que pueda ser planteado para dar nulidad a esta resoluci\u00f3n del Ministerio P\u00fablico Fiscal, y en caso de que la situaci\u00f3n de defensa que rodea a Acu\u00f1a siga de la misma manera, <strong>volver\u00e1n a intimarla la semana pr\u00f3xima.<\/strong><\/p>\n\n\n\n<p><strong>&#8220;Mi hijo fue el responsable, no nosotros&#8221;<\/strong>, y la frase <strong>&#8220;solo el que mi hijo Cesar diga la verdad de lo sucedido har\u00e1 que podamos tener m\u00e1s expectativas de lograr la libertad&#8221;<\/strong> son algunas de las m\u00e1s contundentes evidencias que la Fiscal\u00eda tom\u00f3 como argumento para entender que Acu\u00f1a culpabiliza a C\u00e9sar, mientras que el joven todav\u00eda sigue sin declarar y su defensa busca demostrar su inocencia.<\/p>\n\n\n\n<p>Acerca de c\u00f3mo interpreta Osuna lo expuesto en el C\u00f3digo Procesal Penal, el abogado dijo: &#8220;Lo que ella -Marcela- escribe no est\u00e1 en el expediente. Y si quisieran darle validez a eso, ellos tendr\u00edan que hacer al menos una pericia caligr\u00e1fica para corroborar que sea la firma y letra de ella. Ella en su declaraci\u00f3n no dice eso. Ellos -la Fiscal\u00eda- entienden lo que a ellos les parece, porque les molesta que yo salga a hablar en los medios. Todos los dem\u00e1s abogados est\u00e1n callados&#8221;.<\/p>\n","protected":false},"excerpt":{"rendered":"<p>El Ministerio P\u00fablico Fiscal dict\u00f3 una resoluci\u00f3n donde argumentan que Osuna no puede asumir como defensor de los tres integrantes familiares debido al Art\u00edculo 129&hellip; <\/p>\n","protected":false},"author":2,"featured_media":893,"comment_status":"open","ping_status":"open","sticky":false,"template":"","format":"standard","meta":{"footnotes":""},"categories":[9,2],"tags":[],"class_list":["post-892","post","type-post","status-publish","format-standard","has-post-thumbnail","hentry","category-destacadas","category-provinciales"],"_links":{"self":[{"href":"https:\/\/lametro989.com\/index.php?rest_route=\/wp\/v2\/posts\/892","targetHints":{"allow":["GET"]}}],"collection":[{"href":"https:\/\/lametro989.com\/index.php?rest_route=\/wp\/v2\/posts"}],"about":[{"href":"https:\/\/lametro989.com\/index.php?rest_route=\/wp\/v2\/types\/post"}],"author":[{"embeddable":true,"href":"https:\/\/lametro989.com\/index.php?rest_route=\/wp\/v2\/users\/2"}],"replies":[{"embeddable":true,"href":"https:\/\/lametro989.com\/index.php?rest_route=%2Fwp%2Fv2%2Fcomments&post=892"}],"version-history":[{"count":1,"href":"https:\/\/lametro989.com\/index.php?rest_route=\/wp\/v2\/posts\/892\/revisions"}],"predecessor-version":[{"id":894,"href":"https:\/\/lametro989.com\/index.php?rest_route=\/wp\/v2\/posts\/892\/revisions\/894"}],"wp:featuredmedia":[{"embeddable":true,"href":"https:\/\/lametro989.com\/index.php?rest_route=\/wp\/v2\/media\/893"}],"wp:attachment":[{"href":"https:\/\/lametro989.com\/index.php?rest_route=%2Fwp%2Fv2%2Fmedia&parent=892"}],"wp:term":[{"taxonomy":"category","embeddable":true,"href":"https:\/\/lametro989.com\/index.php?rest_route=%2Fwp%2Fv2%2Fcategories&post=892"},{"taxonomy":"post_tag","embeddable":true,"href":"https:\/\/lametro989.com\/index.php?rest_route=%2Fwp%2Fv2%2Ftags&post=892"}],"curies":[{"name":"wp","href":"https:\/\/api.w.org\/{rel}","templated":true}]}}