{"id":895,"date":"2023-07-07T21:45:53","date_gmt":"2023-07-08T00:45:53","guid":{"rendered":"https:\/\/lametro989.com\/?p=895"},"modified":"2023-07-07T21:45:53","modified_gmt":"2023-07-08T00:45:53","slug":"jorge-capitanich-se-reunio-con-emprendedores-de-resistencia-entrego-herramientas-y-maquinarias","status":"publish","type":"post","link":"https:\/\/lametro989.com\/?p=895","title":{"rendered":"Jorge Capitanich se reuni\u00f3 con emprendedores de Resistencia: entreg\u00f3 herramientas y maquinarias"},"content":{"rendered":"\n<p>El gobernador dialog\u00f3 con trabajadores que se desempe\u00f1an en rubros como carpinter\u00eda, panader\u00eda, rotiser\u00eda, mantenimiento barrial, entre otros, y ratific\u00f3 el acompa\u00f1amiento al sector.<\/p>\n\n\n\n<figure class=\"wp-block-image size-full\"><img loading=\"lazy\" decoding=\"async\" width=\"850\" height=\"567\" src=\"https:\/\/lametro989.com\/wp-content\/uploads\/2023\/07\/imagen-84.png\" alt=\"\" class=\"wp-image-896\" srcset=\"https:\/\/lametro989.com\/wp-content\/uploads\/2023\/07\/imagen-84.png 850w, https:\/\/lametro989.com\/wp-content\/uploads\/2023\/07\/imagen-84-300x200.png 300w, https:\/\/lametro989.com\/wp-content\/uploads\/2023\/07\/imagen-84-768x512.png 768w\" sizes=\"auto, (max-width: 850px) 100vw, 850px\" \/><\/figure>\n\n\n\n<p>El gobernador <strong>Jorge Capitanich<\/strong> y la ministra de Desarrollo Social, <strong>Mar\u00eda P\u00eda Chiacchio Cavana,<\/strong> se reunieron con emprendedores barriales de Resistencia para avanzar en una agenda de trabajo para impulsar al sector. Durante la jornada, que tuvo lugar en el barrio Golf Club, entregaron herramientas y maquinarias a 25 emprendedores y a unidades socioproductivas, a fin de que puedan continuar creciendo y desarroll\u00e1ndose.<\/p>\n\n\n\n<p>&#8220;Chaco cuenta con 16.000 emprendedores y emprendedoras que forman parte del programa \u2018Emprendemos Todxs\u2019 y en este marco, hoy entregamos herramientas a beneficiarios que podr\u00e1n comercializar bienes y servicios para generar ingresos a sus familias&#8221;, dijo Capitanich.<\/p>\n\n\n\n<p>En el marco de este Plan, la provincia lleva adelante m\u00faltiples pol\u00edticas p\u00fablicas destinadas a impulsar el desarrollo de las y los emprendedores, como los cr\u00e9ditos no bancarios, aportes econ\u00f3micos, herramientas, insumos, as\u00ed como la comercializaci\u00f3n popular, entre otros.<\/p>\n\n\n\n<p>Por \u00faltimo, agreg\u00f3 que el Estado est\u00e1 para &#8220;potenciarlos y acompa\u00f1arlos a trav\u00e9s de financiamiento y herramientas con el objetivo de promover el desarrollo de nuestra provincia&#8221;, finaliz\u00f3.<\/p>\n\n\n\n<figure class=\"wp-block-image\"><img decoding=\"async\" src=\"https:\/\/www.diariochaco.com\/content\/bucket\/7\/579467w790h632c.jpg.webp\" alt=\"\"\/><\/figure>\n\n\n\n<p>Como parte del programa <strong>Potenciar Trabajo<\/strong> se entregaron herramientas y maquinarias a unidades socioproductivas que se desarrollan en rubros como carpinter\u00eda y mantenimiento barrial. Y en el marco del programa <strong>Banco de Herramientas, Maquinarias y Materiales<\/strong>, se entregaron hornos, freidoras, amasadoras, batidoras, sierras, amoladoras, desmalezadoras, rastrillos, machetes, collareta industrial, entre otros elementos destinados a emprendedores de los rubros de panader\u00eda, rotiser\u00eda, textil, refrigeraci\u00f3n, jardiner\u00eda y mantenimiento barrial. &nbsp; &nbsp;<\/p>\n\n\n\n<h2 class=\"wp-block-heading\">&#8220;RESPALDO A LOS EMPRENDEDORES&#8221;<\/h2>\n\n\n\n<p><ins><\/ins><\/p>\n\n\n\n<p><strong>Chiacchio Cavana<\/strong> remarc\u00f3 el apoyo a las y los emprendedores: &#8220;son personas que invierten sus ahorros en el Chaco, ya sea para comprar maquinaria, productos, creen en el crecimiento y en el desarrollo de nuestra provincia&#8221;, expres\u00f3.<\/p>\n\n\n\n<p>&#8220;Es importante acompa\u00f1ar la idea de cada emprendedor, porque cuando hay ganas de trabajar, producir, generar trabajo, el principal aliado es el Estado y nuestro objetivo fundamental es que ellos sepan que estamos para potenciarlos&#8221;, afirm\u00f3. La ministra asegur\u00f3 que este a\u00f1o la provincia trabajar\u00e1 en la provisi\u00f3n de un servicio de log\u00edstica para emprendedores barriales, para seguir benefici\u00e1ndolos.<\/p>\n\n\n\n<figure class=\"wp-block-image\"><img decoding=\"async\" src=\"https:\/\/www.diariochaco.com\/content\/bucket\/6\/579466w790h632c.jpg.webp\" alt=\"\"\/><\/figure>\n\n\n\n<h2 class=\"wp-block-heading\">&#8220;ME DAN \u00c1NIMOS PARA SEGUIR TRABAJANDO Y AYUDANDO A MI FAMILIA&#8221;<\/h2>\n\n\n\n<p>El emprendedor <strong>Carlos L\u00f3pez,<\/strong> quien elabora productos alimenticios caseros, agradeci\u00f3 el acompa\u00f1amiento y las nuevas herramientas adquiridas a trav\u00e9s del Gobierno provincial &#8220;que siempre piensa en los que menos tienen y nos da la oportunidad de seguir creciendo&#8221;, dijo, y agreg\u00f3: &#8220;este horno y esta amasadora me dan \u00e1nimos para seguir trabajando y seguir ayudando a mi familia&#8221;.<\/p>\n\n\n\n<p><strong>H\u00e9ctor Vargas<\/strong> tiene un emprendimiento de taller textil, donde c\u00f3mo \u00e9l, trabajan personas con discapacidad y hoy recibi\u00f3 herramientas para continuar creciendo. &#8220;Esta collareta nos permitir\u00e1 agilizar el trabajo textil y seguir dando calidad a nuestros productos&#8221;, dijo, y agradeci\u00f3 al Gobierno Provincial asegurando que &#8220;el trabajo dignifica, nos permite insertarnos en la sociedad, pudiendo llevar as\u00ed ingresos a nuestras casas&#8221;.<\/p>\n","protected":false},"excerpt":{"rendered":"<p>El gobernador dialog\u00f3 con trabajadores que se desempe\u00f1an en rubros como carpinter\u00eda, panader\u00eda, rotiser\u00eda, mantenimiento barrial, entre otros, y ratific\u00f3 el acompa\u00f1amiento al sector. El&hellip; <\/p>\n","protected":false},"author":2,"featured_media":896,"comment_status":"open","ping_status":"open","sticky":false,"template":"","format":"standard","meta":{"footnotes":""},"categories":[9,2],"tags":[],"class_list":["post-895","post","type-post","status-publish","format-standard","has-post-thumbnail","hentry","category-destacadas","category-provinciales"],"_links":{"self":[{"href":"https:\/\/lametro989.com\/index.php?rest_route=\/wp\/v2\/posts\/895","targetHints":{"allow":["GET"]}}],"collection":[{"href":"https:\/\/lametro989.com\/index.php?rest_route=\/wp\/v2\/posts"}],"about":[{"href":"https:\/\/lametro989.com\/index.php?rest_route=\/wp\/v2\/types\/post"}],"author":[{"embeddable":true,"href":"https:\/\/lametro989.com\/index.php?rest_route=\/wp\/v2\/users\/2"}],"replies":[{"embeddable":true,"href":"https:\/\/lametro989.com\/index.php?rest_route=%2Fwp%2Fv2%2Fcomments&post=895"}],"version-history":[{"count":1,"href":"https:\/\/lametro989.com\/index.php?rest_route=\/wp\/v2\/posts\/895\/revisions"}],"predecessor-version":[{"id":897,"href":"https:\/\/lametro989.com\/index.php?rest_route=\/wp\/v2\/posts\/895\/revisions\/897"}],"wp:featuredmedia":[{"embeddable":true,"href":"https:\/\/lametro989.com\/index.php?rest_route=\/wp\/v2\/media\/896"}],"wp:attachment":[{"href":"https:\/\/lametro989.com\/index.php?rest_route=%2Fwp%2Fv2%2Fmedia&parent=895"}],"wp:term":[{"taxonomy":"category","embeddable":true,"href":"https:\/\/lametro989.com\/index.php?rest_route=%2Fwp%2Fv2%2Fcategories&post=895"},{"taxonomy":"post_tag","embeddable":true,"href":"https:\/\/lametro989.com\/index.php?rest_route=%2Fwp%2Fv2%2Ftags&post=895"}],"curies":[{"name":"wp","href":"https:\/\/api.w.org\/{rel}","templated":true}]}}