{"id":905,"date":"2023-07-07T22:11:50","date_gmt":"2023-07-08T01:11:50","guid":{"rendered":"https:\/\/lametro989.com\/?p=905"},"modified":"2023-07-07T22:11:50","modified_gmt":"2023-07-08T01:11:50","slug":"alberto-fernandez-hablo-con-lacalle-pou-ante-la-falta-de-agua-en-uruguay","status":"publish","type":"post","link":"https:\/\/lametro989.com\/?p=905","title":{"rendered":"Alberto Fern\u00e1ndez habl\u00f3 con Lacalle Pou ante la falta de agua en Uruguay"},"content":{"rendered":"\n<p><strong>El presidente Alberto Fern\u00e1ndez<\/strong> habl\u00f3 con su par uruguayo<strong> Luis Lacalle Pou<\/strong> para ofrecer insumos y personal, ante la falta de agua potable que afecta al pa\u00eds vecino, una ayuda que fue agradecida por el mandatario oriental, que decidi\u00f3 postergar su utilizaci\u00f3n.<\/p>\n\n\n\n<figure class=\"wp-block-image size-large\"><img loading=\"lazy\" decoding=\"async\" width=\"1024\" height=\"683\" src=\"https:\/\/lametro989.com\/wp-content\/uploads\/2023\/07\/imagen-87-1024x683.png\" alt=\"\" class=\"wp-image-906\" srcset=\"https:\/\/lametro989.com\/wp-content\/uploads\/2023\/07\/imagen-87-1024x683.png 1024w, https:\/\/lametro989.com\/wp-content\/uploads\/2023\/07\/imagen-87-300x200.png 300w, https:\/\/lametro989.com\/wp-content\/uploads\/2023\/07\/imagen-87-768x512.png 768w, https:\/\/lametro989.com\/wp-content\/uploads\/2023\/07\/imagen-87.png 1140w\" sizes=\"auto, (max-width: 1024px) 100vw, 1024px\" \/><\/figure>\n\n\n\n<p>Ambos presidentes conversaron telef\u00f3nicamente anoche, cuando Fern\u00e1ndez le ofreci\u00f3 ayuda ante <strong>la crisis h\u00eddrica,<\/strong> algo que el jefe de Estado uruguayo agradeci\u00f3, pero comunic\u00f3 que por el momento no la emplear\u00e1, seg\u00fan informaron fuentes del Gobierno argentino.<\/p>\n\n\n\n<p>Lacalle Pou le explic\u00f3 a Fern\u00e1ndez que<strong> la situaci\u00f3n era &#8220;din\u00e1mica&#8221; y ejemplific\u00f3 que hubo lluvias en Montevideo en las \u00faltimas horas.<\/strong><\/p>\n\n\n\n<p>En efecto, el Gobierno argentino ofreci\u00f3 a Uruguay una planta potabilizadora m\u00f3vil y personal operario para colaborar en los esfuerzos contra la crisis h\u00eddrica que atraviesan principalmente la ciudad de Montevideo y la zona Metropolitana del pa\u00eds vecino, informaron hoy fuentes de la Canciller\u00eda argentina.<\/p>\n\n\n\n<p>A trav\u00e9s de una carta enviada a la Canciller\u00eda uruguaya, el mandatario argentino puso a disposici\u00f3n una planta potabilizadora m\u00f3vil con una producci\u00f3n de 1.700 sachet de medio litro por hora, como tambi\u00e9n el desplazamiento de personal operario para desarrollar la producci\u00f3n.<\/p>\n\n\n\n<p>Asimismo, se ofreci\u00f3 al Gobierno uruguayo el env\u00edo de un buque de la Armada Argentina del tipo &#8220;Aviso&#8221;, que contiene una cisterna de 300 toneladas de capacidad de agua provista por la empresa Agua y Saneamientos Argentinos (AySA), precisaron a esta agencia fuentes de la Canciller\u00eda argentina.<\/p>\n\n\n\n<p>El ofrecimiento est\u00e1 destinado &#8220;<strong>a dar respuesta a las poblaciones vulnerables afectadas por la crisis h\u00eddrica, <\/strong>centradas en la ciudad de Montevideo y la zona Metropolitana&#8221;, aseguraron.<\/p>\n\n\n\n<p>A trav\u00e9s de un escrito, el consulado uruguayo en la ciudad de Buenos Aires sostuvo que &#8220;al tiempo de agradecer y aceptar dicho ofrecimiento, hace saber que, en raz\u00f3n de la din\u00e1mica de la situaci\u00f3n bajo permanente evaluaci\u00f3n, har\u00e1 conocer la oportunidad del mismo&#8221;.<\/p>\n\n\n\n<p>Mientras que la Canciller\u00eda uruguaya envi\u00f3 una nota a la Argentina en la que tambi\u00e9n agradeci\u00f3 la ayuda ofrecida y manifest\u00f3 la posibilidad de utilizarla en otro momento, seg\u00fan consign\u00f3 el semanario B\u00fasqueda del vecino pa\u00eds.<\/p>\n\n\n\n<figure class=\"wp-block-image\"><img decoding=\"async\" src=\"https:\/\/media.diariopopular.com.ar\/p\/abb3f1f3fb451575364c8a2fd63366b4\/adjuntos\/143\/imagenes\/008\/089\/0008089415\/1140x0\/smart\/uruguay-sequiajpg.jpg\" alt=\"Uruguay: complicado por la sequ\u00eda. \" title=\"Uruguay: complicado por la sequ\u00eda. \"\/><\/figure>\n\n\n\n<p>Uruguay: complicado por la sequ\u00eda.<\/p>\n\n\n\n<p><strong>El agua en Uruguay sigue apta para consumo en medio de una crisis h\u00eddrica<\/strong><\/p>\n\n\n\n<p>El Gobierno uruguayo aclar\u00f3 que el agua que suministra la empresa estatal OSE se mantiene apta para el consumo humano, en plena crisis h\u00eddrica que afecta a Montevideo y el \u00e1rea metropolitana a ra\u00edz de la peor sequ\u00eda en m\u00e1s de 70 a\u00f1os.<\/p>\n\n\n\n<p>&#8220;No se va a modificar la calidad del agua en las condiciones actuales&#8221;, afirm\u00f3 el secretario de Presidencia de la Rep\u00fablica, \u00c1lvaro Delgado, vocero de una reuni\u00f3n de coordinaci\u00f3n que encabez\u00f3 el presidente Luis Lacalle Pou en la Torre Ejecutiva, sede del Gobierno.<\/p>\n\n\n\n<p>&#8220;La calidad del agua sigue siendo apta para consumo humano y para otras situaciones esenciales de su uso van a seguir en esta situaci\u00f3n&#8221;, enfatiz\u00f3 Delgado en di\u00e1logo con periodistas.<\/p>\n\n\n\n<p>Lacalle lider\u00f3 una reuni\u00f3n de coordinaci\u00f3n sobre la crisis h\u00eddrica con los ministros de Relaciones Exteriores, Francisco Bustillo; de Salud P\u00fablica, Karina Rando; de Ambiente, Robert Bouvier; de Defensa, Javier Garc\u00eda, y de Desarrollo Social, Mart\u00edn Lema.<\/p>\n\n\n\n<p>El encuentro sirvi\u00f3 para evaluar la situaci\u00f3n del agua en general y la obra de embalse del r\u00edo San Jos\u00e9, una alternativa que se maneja como apoyo al embalse de Paso Severino, que se encamina a vaciarse ante la escasez de lluvias.<\/p>\n\n\n\n<p>&#8220;La situaci\u00f3n de la lluvia de ayer y otras decisiones que se tomaron permiten asegurar este nivel de calidad del agua&#8221;, sostuvo Delgado.<\/p>\n\n\n\n<p>Lacalle Pou agreg\u00f3 d\u00edas atr\u00e1s que si no llueve en los pr\u00f3ximos d\u00edas &#8220;va a haber un lapso en el que el agua no sea bebible&#8221;.<\/p>\n","protected":false},"excerpt":{"rendered":"<p>El presidente Alberto Fern\u00e1ndez habl\u00f3 con su par uruguayo Luis Lacalle Pou para ofrecer insumos y personal, ante la falta de agua potable que afecta&hellip; <\/p>\n","protected":false},"author":2,"featured_media":906,"comment_status":"open","ping_status":"open","sticky":false,"template":"","format":"standard","meta":{"footnotes":""},"categories":[5],"tags":[],"class_list":["post-905","post","type-post","status-publish","format-standard","has-post-thumbnail","hentry","category-politica"],"_links":{"self":[{"href":"https:\/\/lametro989.com\/index.php?rest_route=\/wp\/v2\/posts\/905","targetHints":{"allow":["GET"]}}],"collection":[{"href":"https:\/\/lametro989.com\/index.php?rest_route=\/wp\/v2\/posts"}],"about":[{"href":"https:\/\/lametro989.com\/index.php?rest_route=\/wp\/v2\/types\/post"}],"author":[{"embeddable":true,"href":"https:\/\/lametro989.com\/index.php?rest_route=\/wp\/v2\/users\/2"}],"replies":[{"embeddable":true,"href":"https:\/\/lametro989.com\/index.php?rest_route=%2Fwp%2Fv2%2Fcomments&post=905"}],"version-history":[{"count":1,"href":"https:\/\/lametro989.com\/index.php?rest_route=\/wp\/v2\/posts\/905\/revisions"}],"predecessor-version":[{"id":907,"href":"https:\/\/lametro989.com\/index.php?rest_route=\/wp\/v2\/posts\/905\/revisions\/907"}],"wp:featuredmedia":[{"embeddable":true,"href":"https:\/\/lametro989.com\/index.php?rest_route=\/wp\/v2\/media\/906"}],"wp:attachment":[{"href":"https:\/\/lametro989.com\/index.php?rest_route=%2Fwp%2Fv2%2Fmedia&parent=905"}],"wp:term":[{"taxonomy":"category","embeddable":true,"href":"https:\/\/lametro989.com\/index.php?rest_route=%2Fwp%2Fv2%2Fcategories&post=905"},{"taxonomy":"post_tag","embeddable":true,"href":"https:\/\/lametro989.com\/index.php?rest_route=%2Fwp%2Fv2%2Ftags&post=905"}],"curies":[{"name":"wp","href":"https:\/\/api.w.org\/{rel}","templated":true}]}}