{"id":909,"date":"2023-07-09T00:01:37","date_gmt":"2023-07-09T03:01:37","guid":{"rendered":"https:\/\/lametro989.com\/?p=909"},"modified":"2023-07-09T00:01:37","modified_gmt":"2023-07-09T03:01:37","slug":"for-ever-volvio-a-ganar-de-local-y-salio-incluso-de-zona-de-promocion","status":"publish","type":"post","link":"https:\/\/lametro989.com\/?p=909","title":{"rendered":"For Ever volvi\u00f3 a ganar de local y sali\u00f3 incluso de Zona de Promoci\u00f3n"},"content":{"rendered":"\n<p>El <em>Negro<\/em> cosecha 19 puntos y se ubica en el puesto 16 de la Zona B, a cuatro puntos de Villa D\u00e1lmine y a dos de Trist\u00e1n Su\u00e1rez, equipo que juega este domingo 9 de julio frente a Deportivo Maip\u00fa de Mendoza. En su segundo triunfo consecutivo y sin tantos en contra, el equipo de Osella gan\u00f3 por 1 a 0 con gol de Nicol\u00e1s Silva en el primer tiempo. Flojo arbitraje de Nelson Sosa. \u00a0<\/p>\n\n\n\n<figure class=\"wp-block-image size-full\"><img loading=\"lazy\" decoding=\"async\" width=\"888\" height=\"589\" src=\"https:\/\/lametro989.com\/wp-content\/uploads\/2023\/07\/imagen-88.png\" alt=\"\" class=\"wp-image-910\" srcset=\"https:\/\/lametro989.com\/wp-content\/uploads\/2023\/07\/imagen-88.png 888w, https:\/\/lametro989.com\/wp-content\/uploads\/2023\/07\/imagen-88-300x199.png 300w, https:\/\/lametro989.com\/wp-content\/uploads\/2023\/07\/imagen-88-768x509.png 768w\" sizes=\"auto, (max-width: 888px) 100vw, 888px\" \/><\/figure>\n\n\n\n<p>Luego de obtener una contundente victoria por 3 a 0 frente a Aldosivi y con los mismos 11, For Ever enfrent\u00f3 esta tarde al dif\u00edcil Mitre de Santiago del Estero en el estadio Juan Alberto Garc\u00eda de Resistencia. Con mucho p\u00fablico y una jornada perfecta para la pr\u00e1ctica deportiva, el <em>Negro de Villa San Juan<\/em> dio una nueva muestra de car\u00e1cter y se qued\u00f3 con un triunfo importante y trabajado para sus aspiraciones de mantener la categor\u00eda.<\/p>\n\n\n\n<p>El equipo resistenciano aprovech\u00f3 la oportunidad de alejarse de la zona de descenso directo a partir de una nueva derrota de Villa D\u00e1lmine de local por 2 a 0 frente a Atlanta y hasta que juegue Trist\u00e1n Su\u00e1rez sali\u00f3 tambi\u00e9n de zona de promoci\u00f3n. A su vez, qued\u00f3 a una sola unidad de R\u00e1cing de C\u00f3rdoba, luego que el equipo cordob\u00e9s cayera por 1 a 0 en su visita a Deportivo Madryn.<\/p>\n\n\n\n<figure class=\"wp-block-image\"><img decoding=\"async\" src=\"https:\/\/agenciafoco.com.ar\/media\/cache\/quality\/uploads\/noticias\/64a9d66dce33f831365804.jpeg\" alt=\"\"\/><\/figure>\n\n\n\n<p>A los 5, la primera ocasi\u00f3n para el local con centro rasante desde la derecha de Galetto para el ingreso del goleador Romero y un remate por encima del travesa\u00f1o. Manejaba el tr\u00e1mite el equipo de Osella en el inicio, una vez m\u00e1s a trav\u00e9s del manejo de Iritier. Mejor\u00f3 la visita en los minutos siguientes y gener\u00f3 lo mejor del momento a trav\u00e9s del defensor Tapia.<\/p>\n\n\n\n<p>A los 28, Brian Mi\u00e9rez se fue lesionado por Cristi\u00e1n D\u00edaz (14) en la visita, por lo que Grelak gastaba una de sus primeras de las tres ventanas. Sin embargo, a <strong>los 36<\/strong>, Iritier frot\u00f3 la l\u00e1mpara y su tiro libre se estrell\u00f3 en el travesa\u00f1o y en el rebote <strong>\u201cMosquito\u201d Silva <\/strong>de derecha convirti\u00f3 el primero a una costado pegado al palo derecho.<\/p>\n\n\n\n<p>Tres minutos m\u00e1s tarde, la conexi\u00f3n de cabeza de Rosales al centro de S\u00e1nchez que se fue apenas desviado fue un aviso para el arco de Canuto. <strong>Mejor\u00f3 el santiague\u00f1o luego de la apertura del marcador, con manejo y un significativo adelantamiento de las l\u00edneas.<\/strong> Luego, a los <strong>41, David Valdez<\/strong> \u2013el capit\u00e1n, emblema todoterreno jugador forevista- sali\u00f3 lesionado con \u2013en principio- una importante lesi\u00f3n en una de sus rodillas. Ingres\u00f3 en su lugar S\u00e1nches Paredez, posici\u00f3n por posici\u00f3n. <strong>As\u00ed, en un discreto primer tiempo, con escasas situaciones de riesgo, For Ever hizo los deberes y se fue ganador al descanso largo.<\/strong><\/p>\n\n\n\n<figure class=\"wp-block-image\"><img decoding=\"async\" src=\"https:\/\/agenciafoco.com.ar\/media\/cache\/quality\/uploads\/noticias\/64a9d5a819d9c608681648.jpeg\" alt=\"\"\/><\/figure>\n\n\n\n<p><strong>El complemento arranc\u00f3 con Mitre due\u00f1o de la pelota y For Ever m\u00e1s retrasado, apostando quiz\u00e1s a alg\u00fan contragolpe para R\u00edos o Romero<\/strong>. En Iritier descansaba una vez m\u00e1s lo mejor del equipo de Osella y lo mejor del juego pasaba por sus pies. Por su parte, la visita \u2013<strong>que ocupa el quinto lugar de la Zona B- <\/strong>carec\u00eda de poder de fuego a partir de la ausencia del exFor Ever, \u201cBestia\u201d Romero que no fue parte de la acci\u00f3n por lesi\u00f3n.<\/p>\n\n\n\n<p>A <strong>los 17<\/strong>, un centro de \u201c<em>rabona<\/em>\u201d de Iritier desde la izquierda, lo tomaron en el \u00e1rea a Gonzalo R\u00edos y <strong>la clara infracci\u00f3n con el consiguiente penal fue ignorada por el \u00e1rbitro Nelson Sosa<\/strong>.<\/p>\n\n\n\n<p>A <strong>los 32,<\/strong> a la cancha Emiliano Bogado por Nicol\u00e1s Silva, y Dellarosa por un sacrificado Gonzalo R\u00edos, quien hizo un partido inteligente a pesar de los siete puntos en su rostro que recibi\u00f3 la semana pasada tras el rodillazo del arquero de Aldosivi. En la visita tambi\u00e9n hubo doble cambio: Mayenfisch (por Heiz) y Ju\u00e1rez (por Tapia). A los 40, agot\u00f3 los cambios Grelak, Galv\u00e1n (por D\u00edaz) y Ram\u00edrez (por Gonz\u00e1lez); al igual que Osella dos minutos m\u00e1s tarde quien mand\u00f3 a la cancha a Emanuel D\u00edaz (por la figura Iritier) y Monteseirin (por Mat\u00edas Romero). <strong>Antes, pareci\u00f3 un nuevo penal sobre el 9 goleador de For Ever, que tambi\u00e9n fue ignorada por el \u00e1rbitro<\/strong>.<\/p>\n\n\n\n<p>En el descuento, Cristian D\u00edaz tuvo el empate en la primera situaci\u00f3n de gol del &nbsp;visitante en el segundo tiempo; pero su remate se fue desviado cuando Canuto estaba vencido. <strong>El alocado festejo de Osella con la parcialidad local marcaba a las claras de la victoria trabajada y clave de cara a lo que viene en la Primera Nacional.<\/strong><\/p>\n\n\n\n<figure class=\"wp-block-image\"><img decoding=\"async\" src=\"https:\/\/agenciafoco.com.ar\/media\/cache\/quality\/uploads\/noticias\/64a9d5a81b0b9269405740.jpeg\" alt=\"\"\/><\/figure>\n\n\n\n<p><strong><u>S\u00edntesis: &nbsp;<\/u><\/strong><\/p>\n\n\n\n<p><strong><em>For Ever<\/em><\/strong>: Gast\u00f3n Canuto, Leandro Allende, Gino Barbieri, Yair Mar\u00edn y Juan Galleto; Mateo Macari, David Valdez y Javier Iritier; Nicol\u00e1s Silva, Mat\u00edas Romero y Gonzalo R\u00edos. DT: Diego Osella. Suplentes: Silva, Facciolli, Monteseirin, D\u00edaz, Bruno, S\u00e1nches Peredez, Bogado, Sombra y Dellarosa.<\/p>\n\n\n\n<p><strong><em>Mitre (Sgo del Estero):<\/em><\/strong> Kevin Larrea Alzamendi; Rodrigo Tapia, Gonzalo Soto, Mat\u00edas Almir\u00f3n Llanes y Marcos S\u00e1nchez; Germ\u00e1n D\u00edaz, Juan Ignacio Alesandroni, Jos\u00e9 Rosales; Brian Mi\u00e9rez, Nicol\u00e1s Heiz y Daniel Gonz\u00e1lez. DT: Alfredo Grelak. Roberto Ledesma, Facundo Melillan, Cristian D\u00edaz, Rodrigo Ayala, Mat\u00edas Ferrari, Gabriel Ram\u00edrez, Germ\u00e1n Mayenfisch, Facundo Ju\u00e1rez y Francisco Galv\u00e1n<\/p>\n\n\n\n<p><strong>\u00c1rbitro:<\/strong> Nelson Sosa<\/p>\n\n\n\n<p><strong>Estadio<\/strong>: Juan Alberto Garc\u00eda<\/p>\n\n\n\n<p><strong>Goles:<\/strong> a los 36\u00b4del primer tiempo, Nicol\u00e1s Silva (ChFE).<\/p>\n\n\n\n<p><em>El pr\u00f3ximo s\u00e1bado 15 de julio, desde las 15,40 y por la fecha 22 de la Zona B, For Ever visitar\u00e1 a Chacarita, uno de los equipos que marcha al tope de la tabla de posiciones. El partido se transmitir\u00e1 en vivo y directo por televisi\u00f3n.<\/em><\/p>\n","protected":false},"excerpt":{"rendered":"<p>El Negro cosecha 19 puntos y se ubica en el puesto 16 de la Zona B, a cuatro puntos de Villa D\u00e1lmine y a dos&hellip; <\/p>\n","protected":false},"author":2,"featured_media":910,"comment_status":"open","ping_status":"open","sticky":false,"template":"","format":"standard","meta":{"footnotes":""},"categories":[10,9],"tags":[],"class_list":["post-909","post","type-post","status-publish","format-standard","has-post-thumbnail","hentry","category-deportes","category-destacadas"],"_links":{"self":[{"href":"https:\/\/lametro989.com\/index.php?rest_route=\/wp\/v2\/posts\/909","targetHints":{"allow":["GET"]}}],"collection":[{"href":"https:\/\/lametro989.com\/index.php?rest_route=\/wp\/v2\/posts"}],"about":[{"href":"https:\/\/lametro989.com\/index.php?rest_route=\/wp\/v2\/types\/post"}],"author":[{"embeddable":true,"href":"https:\/\/lametro989.com\/index.php?rest_route=\/wp\/v2\/users\/2"}],"replies":[{"embeddable":true,"href":"https:\/\/lametro989.com\/index.php?rest_route=%2Fwp%2Fv2%2Fcomments&post=909"}],"version-history":[{"count":1,"href":"https:\/\/lametro989.com\/index.php?rest_route=\/wp\/v2\/posts\/909\/revisions"}],"predecessor-version":[{"id":911,"href":"https:\/\/lametro989.com\/index.php?rest_route=\/wp\/v2\/posts\/909\/revisions\/911"}],"wp:featuredmedia":[{"embeddable":true,"href":"https:\/\/lametro989.com\/index.php?rest_route=\/wp\/v2\/media\/910"}],"wp:attachment":[{"href":"https:\/\/lametro989.com\/index.php?rest_route=%2Fwp%2Fv2%2Fmedia&parent=909"}],"wp:term":[{"taxonomy":"category","embeddable":true,"href":"https:\/\/lametro989.com\/index.php?rest_route=%2Fwp%2Fv2%2Fcategories&post=909"},{"taxonomy":"post_tag","embeddable":true,"href":"https:\/\/lametro989.com\/index.php?rest_route=%2Fwp%2Fv2%2Ftags&post=909"}],"curies":[{"name":"wp","href":"https:\/\/api.w.org\/{rel}","templated":true}]}}