{"id":916,"date":"2023-07-09T00:07:07","date_gmt":"2023-07-09T03:07:07","guid":{"rendered":"https:\/\/lametro989.com\/?p=916"},"modified":"2023-07-09T00:07:07","modified_gmt":"2023-07-09T03:07:07","slug":"larroque-a-sergio-massa-lo-quiero-siempre-en-mi-equipo","status":"publish","type":"post","link":"https:\/\/lametro989.com\/?p=916","title":{"rendered":"Larroque: &#8220;A Sergio Massa lo quiero siempre en mi equipo&#8221;"},"content":{"rendered":"\n<p>El ministro de Desarrollo de la Provincia de Buenos Aires, Andr\u00e9s Larroque, afirm\u00f3 hoy que no ve &#8220;tanta duda en las bases respecto de votar&#8221; al precandidato de Uni\u00f3n por la Patria, Sergio Massa, y agreg\u00f3 que al ministro de Econom\u00eda lo quiere &#8220;siempre&#8221; en su equipo.\u00a0<\/p>\n\n\n\n<figure class=\"wp-block-image size-large\"><img loading=\"lazy\" decoding=\"async\" width=\"1024\" height=\"576\" src=\"https:\/\/lametro989.com\/wp-content\/uploads\/2023\/07\/imagen-90-1024x576.png\" alt=\"\" class=\"wp-image-917\" srcset=\"https:\/\/lametro989.com\/wp-content\/uploads\/2023\/07\/imagen-90-1024x576.png 1024w, https:\/\/lametro989.com\/wp-content\/uploads\/2023\/07\/imagen-90-300x169.png 300w, https:\/\/lametro989.com\/wp-content\/uploads\/2023\/07\/imagen-90-768x432.png 768w, https:\/\/lametro989.com\/wp-content\/uploads\/2023\/07\/imagen-90.png 1280w\" sizes=\"auto, (max-width: 1024px) 100vw, 1024px\" \/><\/figure>\n\n\n\n<p>&#8220;Los cierres de listas son as\u00ed y yo nunca ped\u00ed estar en una lista, no hay lugar para todos, tengo otras responsabilidades en el Ejecutivo provincial. Hay que tomarlo con naturalidad. No veo tanta duda en las bases respecto de votar a Sergio Massa, lo quiero siempre en mi equipo&#8221;, expres\u00f3 Larroque en declaraciones a Radio 10.&nbsp;<\/p>\n\n\n\n<p>En este sentido, Larroque sostuvo que es importante &#8220;la comprensi\u00f3n que tiene Massa del momento que estamos viviendo&#8221; y asegur\u00f3 que tiene &#8220;el instinto que tiene que tener un candidato a presidente&#8221;.&nbsp;<\/p>\n\n\n\n<p>&#8220;No hay que distraernos del objetivo central que es ganar las elecciones. Hay un sentido de responsabilidad que prim\u00f3 en Uni\u00f3n por la Patria. Cristina Fern\u00e1ndez de Kirchner preserv\u00f3 la unidad por sobre todas las cosas, y Sergio termin\u00f3 encausando esa alternativa&#8221;, asever\u00f3.<\/p>\n\n\n\n<p>Asimismo, asegur\u00f3 que &#8220;no est\u00e1 peleado&#8221; con el presidente del Partido Justicialista (PJ) bonaerense y precandidato a primer diputado por la provincia M\u00e1ximo Kirchner y replic\u00f3: &#8220;No s\u00e9 porqu\u00e9 dicen eso&#8221;.&nbsp;<\/p>\n\n\n\n<p>Por otro lado, el funcionario se refiri\u00f3 a la precandidatura de Juan Grabois para la interna de UxP.<\/p>\n\n\n\n<p>&#8220;Juan Grabois es un gran compa\u00f1ero, muy valioso. Pero desde mi punto de vista tenemos que poner el foco en votar a Massa para que tenga un resultado exitoso&#8221;, asever\u00f3.&nbsp;<\/p>\n\n\n\n<p>Asimismo, Larroque sostuvo que la Vicepresidenta &#8220;no eligi\u00f3&#8221; al precandidato a presidente de UxP, porque &#8220;no fue una elecci\u00f3n en libertad, estuvo plagada de condicionamientos&#8221;.&nbsp;<\/p>\n\n\n\n<p>&#8220;Massa tiene un v\u00ednculo m\u00e1s amigable con los mercados y eso puede ser un m\u00e9rito tambi\u00e9n&#8221;, concluy\u00f3.<\/p>\n\n\n\n<p>Fuente: T\u00e9lam<\/p>\n","protected":false},"excerpt":{"rendered":"<p>El ministro de Desarrollo de la Provincia de Buenos Aires, Andr\u00e9s Larroque, afirm\u00f3 hoy que no ve &#8220;tanta duda en las bases respecto de votar&#8221;&hellip; <\/p>\n","protected":false},"author":2,"featured_media":917,"comment_status":"open","ping_status":"open","sticky":false,"template":"","format":"standard","meta":{"footnotes":""},"categories":[9,5],"tags":[],"class_list":["post-916","post","type-post","status-publish","format-standard","has-post-thumbnail","hentry","category-destacadas","category-politica"],"_links":{"self":[{"href":"https:\/\/lametro989.com\/index.php?rest_route=\/wp\/v2\/posts\/916","targetHints":{"allow":["GET"]}}],"collection":[{"href":"https:\/\/lametro989.com\/index.php?rest_route=\/wp\/v2\/posts"}],"about":[{"href":"https:\/\/lametro989.com\/index.php?rest_route=\/wp\/v2\/types\/post"}],"author":[{"embeddable":true,"href":"https:\/\/lametro989.com\/index.php?rest_route=\/wp\/v2\/users\/2"}],"replies":[{"embeddable":true,"href":"https:\/\/lametro989.com\/index.php?rest_route=%2Fwp%2Fv2%2Fcomments&post=916"}],"version-history":[{"count":1,"href":"https:\/\/lametro989.com\/index.php?rest_route=\/wp\/v2\/posts\/916\/revisions"}],"predecessor-version":[{"id":918,"href":"https:\/\/lametro989.com\/index.php?rest_route=\/wp\/v2\/posts\/916\/revisions\/918"}],"wp:featuredmedia":[{"embeddable":true,"href":"https:\/\/lametro989.com\/index.php?rest_route=\/wp\/v2\/media\/917"}],"wp:attachment":[{"href":"https:\/\/lametro989.com\/index.php?rest_route=%2Fwp%2Fv2%2Fmedia&parent=916"}],"wp:term":[{"taxonomy":"category","embeddable":true,"href":"https:\/\/lametro989.com\/index.php?rest_route=%2Fwp%2Fv2%2Fcategories&post=916"},{"taxonomy":"post_tag","embeddable":true,"href":"https:\/\/lametro989.com\/index.php?rest_route=%2Fwp%2Fv2%2Ftags&post=916"}],"curies":[{"name":"wp","href":"https:\/\/api.w.org\/{rel}","templated":true}]}}