{"id":919,"date":"2023-07-09T00:09:03","date_gmt":"2023-07-09T03:09:03","guid":{"rendered":"https:\/\/lametro989.com\/?p=919"},"modified":"2023-07-09T00:09:03","modified_gmt":"2023-07-09T03:09:03","slug":"denuncian-que-bullrich-uso-en-su-spot-una-imagen-de-un-documental-sobre-la-pobreza-en-2019","status":"publish","type":"post","link":"https:\/\/lametro989.com\/?p=919","title":{"rendered":"Denuncian que Bullrich us\u00f3 en su spot una imagen de un documental sobre la pobreza en 2019"},"content":{"rendered":"\n<p>La precandidata presidencial de Juntos por el Cambio lanz\u00f3 una pieza publicitaria en la que se apropi\u00f3 del testimonio de una mujer que denunciaba la situaci\u00f3n social durante el gobierno de Mauricio Macri.\u00a0<\/p>\n\n\n\n<figure class=\"wp-block-image size-full\"><img loading=\"lazy\" decoding=\"async\" width=\"784\" height=\"460\" src=\"https:\/\/lametro989.com\/wp-content\/uploads\/2023\/07\/imagen-91.png\" alt=\"\" class=\"wp-image-920\" srcset=\"https:\/\/lametro989.com\/wp-content\/uploads\/2023\/07\/imagen-91.png 784w, https:\/\/lametro989.com\/wp-content\/uploads\/2023\/07\/imagen-91-300x176.png 300w, https:\/\/lametro989.com\/wp-content\/uploads\/2023\/07\/imagen-91-768x451.png 768w\" sizes=\"auto, (max-width: 784px) 100vw, 784px\" \/><\/figure>\n\n\n\n<p>La precandidata presidencial de Juntos por el Cambio (JxC), Patricia Bullrich, utiliz\u00f3 en su spot de campa\u00f1a, difundido ayer, parte de un documental realizado en el a\u00f1o 2019 por el portal Filo News para criticar los \u00edndices de pobreza durante el gobierno de Mauricio Macri, seg\u00fan denunciaron en las redes sociales los comunicadores sociales que estuvieron a cargo de la realizaci\u00f3n de la pieza.<\/p>\n\n\n\n<p>&#8220;Este testimonio que usa Bullrich en su spot de campa\u00f1a forma parte del documental &#8216;Comer en la calle&#8217; que hicimos con Filo News en 2019, durante la gesti\u00f3n de Mauricio Macri&#8221;, revel\u00f3 en su cuenta de Twitter el licenciado en Comunicaci\u00f3n Ignacio Corral.<\/p>\n\n\n\n<p>En declaraciones period\u00edsticas, Corral explic\u00f3 que ni a \u00e9l ni al director de Filo News los contactaron desde el equipo de campa\u00f1a de Bullrich para solicitar autorizaci\u00f3n para incluir sus im\u00e1genes en el spot electoral.<\/p>\n\n\n\n<p>Ayer, Bullrich lanz\u00f3 un spot de campa\u00f1a con un mensaje que pone el acento en la &#8220;fuerza&#8221;, y en el que advierte que si es electa aplicar\u00e1 un plan econ\u00f3mico que deber\u00e1 ser &#8220;defendido en las calles&#8221;.<\/p>\n\n\n\n<p>La exministra de Seguridad sostiene, adem\u00e1s, que con &#8220;di\u00e1logo y consenso&#8221; no se combate a &#8220;los narcos en Rosario&#8221; ni a la &#8220;corrupci\u00f3n&#8221;, en una clara diferenciaci\u00f3n de las premisas que propone su rival en la interna de la coalici\u00f3n opositora, el jefe de Gobierno porte\u00f1o, Horacio Rodr\u00edguez Larreta.<\/p>\n\n\n\n<p>&#8220;Fuerza, porque el di\u00e1logo no saca a los narcos de Rosario. Porque la corrupci\u00f3n no se termina con consenso. Porque no se acuerda con las mafias&#8221;, afirma Bullrich en una voz en off mientras se suceden varias im\u00e1genes en un video que marca el inicio de sus actividades proselitistas en los medios de comunicaci\u00f3n.<\/p>\n\n\n\n<p>En una de las im\u00e1genes, aparece una mujer llamada Silvana, que cuenta que vino a Buenos Aires desde Chaco junto a la pareja que la dej\u00f3, y explica por qu\u00e9 termin\u00f3 en la calle: &#8220;Sufrimos hambre&#8221;, dice en el video.&nbsp;Ese fragmento aparece de la misma manera en el documental, &#8216;Hambre en la calle comer en la calle&#8217;, con diferentes testimonios de gente que cuenta c\u00f3mo la sufre.<\/p>\n\n\n\n<p>El documental de donde se extrajo la imagen dura 10 minutos y 13 segundos y tambi\u00e9n en el segundo 13 es donde aparece por primera vez Silvana contando su testimonio.<\/p>\n\n\n\n<p>El spot de JxC -difundo ayer por redes sociales- finaliza con las palabras &#8220;orden, coraje, valent\u00eda y decisi\u00f3n&#8221; y el nombre de Bullrich y su compa\u00f1ero de f\u00f3rmula, el exdiputado radical Luis Petri, con quien compartir\u00e1 la boleta Lista132 B de JxC.<\/p>\n\n\n\n<p>Este spot, reformulado para diversos soportes, ser\u00e1 uno de los que comenzar\u00e1 a circular desde ma\u00f1ana a trav\u00e9s de distintos medios de comunicaci\u00f3n durante los siguientes 33 d\u00edas, con vistas a las PASO del 13 de agosto.<\/p>\n\n\n\n<p><em>Fuente: T\u00e9lam<\/em><\/p>\n","protected":false},"excerpt":{"rendered":"<p>La precandidata presidencial de Juntos por el Cambio lanz\u00f3 una pieza publicitaria en la que se apropi\u00f3 del testimonio de una mujer que denunciaba la&hellip; <\/p>\n","protected":false},"author":2,"featured_media":920,"comment_status":"open","ping_status":"open","sticky":false,"template":"","format":"standard","meta":{"footnotes":""},"categories":[9,5],"tags":[],"class_list":["post-919","post","type-post","status-publish","format-standard","has-post-thumbnail","hentry","category-destacadas","category-politica"],"_links":{"self":[{"href":"https:\/\/lametro989.com\/index.php?rest_route=\/wp\/v2\/posts\/919","targetHints":{"allow":["GET"]}}],"collection":[{"href":"https:\/\/lametro989.com\/index.php?rest_route=\/wp\/v2\/posts"}],"about":[{"href":"https:\/\/lametro989.com\/index.php?rest_route=\/wp\/v2\/types\/post"}],"author":[{"embeddable":true,"href":"https:\/\/lametro989.com\/index.php?rest_route=\/wp\/v2\/users\/2"}],"replies":[{"embeddable":true,"href":"https:\/\/lametro989.com\/index.php?rest_route=%2Fwp%2Fv2%2Fcomments&post=919"}],"version-history":[{"count":1,"href":"https:\/\/lametro989.com\/index.php?rest_route=\/wp\/v2\/posts\/919\/revisions"}],"predecessor-version":[{"id":921,"href":"https:\/\/lametro989.com\/index.php?rest_route=\/wp\/v2\/posts\/919\/revisions\/921"}],"wp:featuredmedia":[{"embeddable":true,"href":"https:\/\/lametro989.com\/index.php?rest_route=\/wp\/v2\/media\/920"}],"wp:attachment":[{"href":"https:\/\/lametro989.com\/index.php?rest_route=%2Fwp%2Fv2%2Fmedia&parent=919"}],"wp:term":[{"taxonomy":"category","embeddable":true,"href":"https:\/\/lametro989.com\/index.php?rest_route=%2Fwp%2Fv2%2Fcategories&post=919"},{"taxonomy":"post_tag","embeddable":true,"href":"https:\/\/lametro989.com\/index.php?rest_route=%2Fwp%2Fv2%2Ftags&post=919"}],"curies":[{"name":"wp","href":"https:\/\/api.w.org\/{rel}","templated":true}]}}