{"id":928,"date":"2023-07-09T00:14:43","date_gmt":"2023-07-09T03:14:43","guid":{"rendered":"https:\/\/lametro989.com\/?p=928"},"modified":"2023-07-09T00:14:43","modified_gmt":"2023-07-09T03:14:43","slug":"larreta-lanzo-su-spot-de-campana-en-el-que-propone-hacer-el-cambio-de-nuestras-vidas","status":"publish","type":"post","link":"https:\/\/lametro989.com\/?p=928","title":{"rendered":"Larreta lanz\u00f3 su spot de campa\u00f1a en el que propone hacer &#8220;el cambio de nuestras vidas&#8221;"},"content":{"rendered":"\n<p>El precandidato de \u201cJuntos por el Cambio\u201d lanz\u00f3 una pieza publicitaria bajo el lema \u201cEste pa\u00eds si tiene arreglo\u201d.<\/p>\n\n\n\n<figure class=\"wp-block-image size-full\"><img loading=\"lazy\" decoding=\"async\" width=\"768\" height=\"512\" src=\"https:\/\/lametro989.com\/wp-content\/uploads\/2023\/07\/imagen-94.png\" alt=\"\" class=\"wp-image-929\" srcset=\"https:\/\/lametro989.com\/wp-content\/uploads\/2023\/07\/imagen-94.png 768w, https:\/\/lametro989.com\/wp-content\/uploads\/2023\/07\/imagen-94-300x200.png 300w\" sizes=\"auto, (max-width: 768px) 100vw, 768px\" \/><\/figure>\n\n\n\n<p>El jefe de gobierno porte\u00f1o y precandidato presidencial por Juntos por el Cambio (JxC), Horacio Rodr\u00edguez Larreta, lanz\u00f3 hoy su spot de campa\u00f1a para las elecciones primarias abiertas, simultaneas y obligatorias (PASO) del 13 de agosto, bajo el lema &#8220;Este pa\u00eds s\u00ed tiene arreglo&#8221; y donde llam\u00f3 a los argentinos a hacer &#8220;el cambio de nuestras vidas&#8221;.<\/p>\n\n\n\n<p>&#8220;Los argentinos venimos perdiendo muchas cosas desde hace a\u00f1os, pero es hora de dejar todo eso atr\u00e1s. Lleg\u00f3 el momento de hacer un cambio, pero no cualquier cambio: &#8220;Hagamos el cambio de nuestras vidas&#8221;, expres\u00f3 el precandidato al compartir el spot en sus redes sociales.<\/p>\n\n\n\n<p>En el video de un minuto de duraci\u00f3n se ve a diferentes personas sosteniendo papeles en los que se leen frases como &#8220;no llego a fin de mes&#8221; en las manos de un jubilado, &#8220;miedo a esperar en la parada&#8221; en las de una joven esperando el colectivo, &#8220;cada d\u00eda que pasa me va peor&#8221; en las de un cocinero de un negocio de barrio o &#8220;cada vez puedo comprar menos&#8221; en una mujer en su casa.<\/p>\n\n\n\n<p>Las personas afectadas proceden a prender fuego los papeles y se muestra un \u00faltimo mensaje que dice: &#8220;Este pa\u00eds no tiene arreglo&#8221;. &#8220;Este pa\u00eds si tiene arreglo, hagamos el cambio de nuestras vidas&#8221;, asegura Larreta en respuesta.<\/p>\n\n\n\n<p>El precandidato encabeza la Lista 132 A que va a competir con la de la precandidata presidencial, Patricia Bullrich, dentro de JxC.<\/p>\n\n\n\n<p><em>Fuente: T\u00e9lam<\/em><\/p>\n","protected":false},"excerpt":{"rendered":"<p>El precandidato de \u201cJuntos por el Cambio\u201d lanz\u00f3 una pieza publicitaria bajo el lema \u201cEste pa\u00eds si tiene arreglo\u201d. El jefe de gobierno porte\u00f1o y&hellip; <\/p>\n","protected":false},"author":2,"featured_media":929,"comment_status":"open","ping_status":"open","sticky":false,"template":"","format":"standard","meta":{"footnotes":""},"categories":[9,13],"tags":[],"class_list":["post-928","post","type-post","status-publish","format-standard","has-post-thumbnail","hentry","category-destacadas","category-nacionales"],"_links":{"self":[{"href":"https:\/\/lametro989.com\/index.php?rest_route=\/wp\/v2\/posts\/928","targetHints":{"allow":["GET"]}}],"collection":[{"href":"https:\/\/lametro989.com\/index.php?rest_route=\/wp\/v2\/posts"}],"about":[{"href":"https:\/\/lametro989.com\/index.php?rest_route=\/wp\/v2\/types\/post"}],"author":[{"embeddable":true,"href":"https:\/\/lametro989.com\/index.php?rest_route=\/wp\/v2\/users\/2"}],"replies":[{"embeddable":true,"href":"https:\/\/lametro989.com\/index.php?rest_route=%2Fwp%2Fv2%2Fcomments&post=928"}],"version-history":[{"count":1,"href":"https:\/\/lametro989.com\/index.php?rest_route=\/wp\/v2\/posts\/928\/revisions"}],"predecessor-version":[{"id":930,"href":"https:\/\/lametro989.com\/index.php?rest_route=\/wp\/v2\/posts\/928\/revisions\/930"}],"wp:featuredmedia":[{"embeddable":true,"href":"https:\/\/lametro989.com\/index.php?rest_route=\/wp\/v2\/media\/929"}],"wp:attachment":[{"href":"https:\/\/lametro989.com\/index.php?rest_route=%2Fwp%2Fv2%2Fmedia&parent=928"}],"wp:term":[{"taxonomy":"category","embeddable":true,"href":"https:\/\/lametro989.com\/index.php?rest_route=%2Fwp%2Fv2%2Fcategories&post=928"},{"taxonomy":"post_tag","embeddable":true,"href":"https:\/\/lametro989.com\/index.php?rest_route=%2Fwp%2Fv2%2Ftags&post=928"}],"curies":[{"name":"wp","href":"https:\/\/api.w.org\/{rel}","templated":true}]}}