{"id":934,"date":"2023-07-09T00:22:30","date_gmt":"2023-07-09T03:22:30","guid":{"rendered":"https:\/\/lametro989.com\/?p=934"},"modified":"2023-07-09T00:22:30","modified_gmt":"2023-07-09T03:22:30","slug":"capitanich-ratifico-el-fortalecimiento-de-la-seguridad-en-barranqueras-inaugurara-un-centro-de-monitoreo","status":"publish","type":"post","link":"https:\/\/lametro989.com\/?p=934","title":{"rendered":"Capitanich ratific\u00f3 el fortalecimiento de la seguridad en Barranqueras: inaugurar\u00e1 un Centro de Monitoreo"},"content":{"rendered":"\n<p>El mandatario mantuvo un encuentro junto a vecinas y vecinos, con quienes dialog\u00f3 principalmente sobre el tema de la seguridad en la ciudad. En pocos d\u00edas, se inaugurar\u00e1 el Centro de Vigilancia con 180 c\u00e1maras para aumentar la prevenci\u00f3n y mejorar el accionar policial ante casos delictivos.<\/p>\n\n\n\n<figure class=\"wp-block-image size-large\"><img loading=\"lazy\" decoding=\"async\" width=\"1024\" height=\"683\" src=\"https:\/\/lametro989.com\/wp-content\/uploads\/2023\/07\/imagen-96-1024x683.png\" alt=\"\" class=\"wp-image-935\" srcset=\"https:\/\/lametro989.com\/wp-content\/uploads\/2023\/07\/imagen-96-1024x683.png 1024w, https:\/\/lametro989.com\/wp-content\/uploads\/2023\/07\/imagen-96-300x200.png 300w, https:\/\/lametro989.com\/wp-content\/uploads\/2023\/07\/imagen-96-768x512.png 768w, https:\/\/lametro989.com\/wp-content\/uploads\/2023\/07\/imagen-96-1536x1024.png 1536w, https:\/\/lametro989.com\/wp-content\/uploads\/2023\/07\/imagen-96.png 1600w\" sizes=\"auto, (max-width: 1024px) 100vw, 1024px\" \/><\/figure>\n\n\n\n<p>El gobernador Jorge Capitanich visit\u00f3 este s\u00e1bado por la tarde el barrio Villa Florida, de Barranqueras, donde dialog\u00f3 con vecinos sobre distintos temas y escuch\u00f3 sus inquietudes y demandas.<\/p>\n\n\n\n<p>Junto a la intendenta de la ciudad, Magda Ayala, el gobernador particip\u00f3 de un encuentro con cerca de 30 vecinos de la zona, en el marco de una pol\u00edtica de gesti\u00f3n que prioriza el acercamiento y la proximidad con los vecinos de cada rinc\u00f3n de la provincia.<\/p>\n\n\n\n<p>\u201cPudimos escuchar de primera mano muchas de sus demandas en torno a la seguridad y salud del barrio. Escuchamos y hacemos. Por eso, a pesar de la inversi\u00f3n en equipamiento, m\u00f3viles y agentes policiales para mejorar el patrullaje, a\u00fan nos falta y trabajaremos para seguir fortaleciendo la seguridad de la comunidad\u201d, expres\u00f3 el mandatario.<\/p>\n\n\n\n<p>Adem\u00e1s, Capitanich invit\u00f3 a las y los vecinos a formar la comisi\u00f3n vecinal de su barrio \u201cfundamental para hacer un trabajo ordenado y entender que todos somos un gran equipo\u201d, se\u00f1al\u00f3.<\/p>\n\n\n\n<figure class=\"wp-block-image\"><img decoding=\"async\" src=\"https:\/\/agenciafoco.com.ar\/media\/cache\/quality\/uploads\/noticias\/64a9fc2d9de3b255904818.jpg\" alt=\"\"\/><\/figure>\n\n\n\n<p>La intendenta Magda Ayala apunt\u00f3 que \u201cuno de los ejes de la charla con el gobernador fue la seguridad\u201d, y mencion\u00f3 que en los pr\u00f3ximos d\u00edas el mandatario provincial participar\u00e1 de la inauguraci\u00f3n del centro de monitoreo en esa ciudad.<\/p>\n\n\n\n<p>\u201cCuando recuperamos un espacio verde, instalamos luces, arreglamos calles, estamos aportando a la prevenci\u00f3n. Esta zona pide hace tiempo c\u00e1maras, y el lunes estaremos inaugurando el centro de monitoreo 180 c\u00e1maras activas\u201d, agreg\u00f3 Ayala, quien record\u00f3 que durante la actual gesti\u00f3n se renovaron los patrulleros en las comisar\u00edas.<\/p>\n\n\n\n<figure class=\"wp-block-image\"><img decoding=\"async\" src=\"https:\/\/agenciafoco.com.ar\/media\/cache\/quality\/uploads\/noticias\/64a9fc2d9eb2a476629921.jpg\" alt=\"\"\/><\/figure>\n\n\n\n<p>La intendenta destac\u00f3 la presencia del gobernador y agradeci\u00f3 el permanente acompa\u00f1amiento a Barranqueras: \u201cEs un gobernador que conoce las necesidades de Chaco y que se ocupa\u201d, precis\u00f3.<\/p>\n\n\n\n<p>En el encuentro estuvieron presentes adem\u00e1s la directora de Medios P\u00fablicos Guillermina Capitanich; los comisarios de las Comisar\u00edas 1\u00b0 y 2\u00b0 de la ciudad, Jorge Caballero y Daniel Fern\u00e1ndez, adem\u00e1s de miembros de la guardia urbana y vecinos.<\/p>\n","protected":false},"excerpt":{"rendered":"<p>El mandatario mantuvo un encuentro junto a vecinas y vecinos, con quienes dialog\u00f3 principalmente sobre el tema de la seguridad en la ciudad. En pocos&hellip; <\/p>\n","protected":false},"author":2,"featured_media":935,"comment_status":"open","ping_status":"open","sticky":false,"template":"","format":"standard","meta":{"footnotes":""},"categories":[2],"tags":[],"class_list":["post-934","post","type-post","status-publish","format-standard","has-post-thumbnail","hentry","category-provinciales"],"_links":{"self":[{"href":"https:\/\/lametro989.com\/index.php?rest_route=\/wp\/v2\/posts\/934","targetHints":{"allow":["GET"]}}],"collection":[{"href":"https:\/\/lametro989.com\/index.php?rest_route=\/wp\/v2\/posts"}],"about":[{"href":"https:\/\/lametro989.com\/index.php?rest_route=\/wp\/v2\/types\/post"}],"author":[{"embeddable":true,"href":"https:\/\/lametro989.com\/index.php?rest_route=\/wp\/v2\/users\/2"}],"replies":[{"embeddable":true,"href":"https:\/\/lametro989.com\/index.php?rest_route=%2Fwp%2Fv2%2Fcomments&post=934"}],"version-history":[{"count":1,"href":"https:\/\/lametro989.com\/index.php?rest_route=\/wp\/v2\/posts\/934\/revisions"}],"predecessor-version":[{"id":936,"href":"https:\/\/lametro989.com\/index.php?rest_route=\/wp\/v2\/posts\/934\/revisions\/936"}],"wp:featuredmedia":[{"embeddable":true,"href":"https:\/\/lametro989.com\/index.php?rest_route=\/wp\/v2\/media\/935"}],"wp:attachment":[{"href":"https:\/\/lametro989.com\/index.php?rest_route=%2Fwp%2Fv2%2Fmedia&parent=934"}],"wp:term":[{"taxonomy":"category","embeddable":true,"href":"https:\/\/lametro989.com\/index.php?rest_route=%2Fwp%2Fv2%2Fcategories&post=934"},{"taxonomy":"post_tag","embeddable":true,"href":"https:\/\/lametro989.com\/index.php?rest_route=%2Fwp%2Fv2%2Ftags&post=934"}],"curies":[{"name":"wp","href":"https:\/\/api.w.org\/{rel}","templated":true}]}}