{"id":937,"date":"2023-07-09T00:26:04","date_gmt":"2023-07-09T03:26:04","guid":{"rendered":"https:\/\/lametro989.com\/?p=937"},"modified":"2023-07-09T00:26:04","modified_gmt":"2023-07-09T03:26:04","slug":"la-iglesia-advirtio-que-les-cansa-una-dirigencia-que-esta-lejos-de-los-problemas-concretos-del-pueblo","status":"publish","type":"post","link":"https:\/\/lametro989.com\/?p=937","title":{"rendered":"La Iglesia advirti\u00f3 que les cansa \u2018\u2018una dirigencia que est\u00e1 lejos de los problemas concretos del pueblo\u2019\u2019"},"content":{"rendered":"\n<p>El presidente de la Conferencia Episcopal Argentina (CEA),\u00a0<strong>Oscar Ojea<\/strong>, advirti\u00f3 que\u00a0<strong>&#8220;la dirigencia est\u00e1 lejos de los problemas concretos&#8221; y destac\u00f3 los &#8220;esfuerzos del pueblo para llegar a fin de mes&#8221;.<\/strong><\/p>\n\n\n\n<figure class=\"wp-block-image size-full\"><img loading=\"lazy\" decoding=\"async\" width=\"696\" height=\"393\" src=\"https:\/\/lametro989.com\/wp-content\/uploads\/2023\/07\/imagen-97.png\" alt=\"\" class=\"wp-image-938\" srcset=\"https:\/\/lametro989.com\/wp-content\/uploads\/2023\/07\/imagen-97.png 696w, https:\/\/lametro989.com\/wp-content\/uploads\/2023\/07\/imagen-97-300x169.png 300w\" sizes=\"auto, (max-width: 696px) 100vw, 696px\" \/><\/figure>\n\n\n\n<p>Al brindar su mensaje semanal, en la previa al&nbsp;<strong>D\u00eda de la Independencia,<\/strong>&nbsp;Ojea hizo un llamado a la pol\u00edtica a ver &#8220;la angustia y el cansancio&#8221; que existe en el pa\u00eds por la corrupci\u00f3n.<\/p>\n\n\n\n<p><strong>&#8220;Hay tantas cosas en nuestro pa\u00eds que nos cansan, en este momento con \u00edndices de pobreza tan grandes y con una <\/strong><strong>desigualdad, una inequidad tan manifiesta entre los argentinos&#8221;<\/strong>, expres\u00f3 el prelado.<\/p>\n\n\n\n<p>Y continu\u00f3:\u00a0<strong>&#8220;Nos cansa la corrupci\u00f3n.<\/strong>\u00a0Lo peor de la corrupci\u00f3n es la b\u00fasqueda del poder por el poder mismo, no el poder para servir, no el poder para prestar un servicio aut\u00e9ntico al bien com\u00fan; sino el poder para sobrevivir, ni siquiera para transformar&#8221;.<\/p>\n\n\n\n<p><strong>&#8220;Nos cansa una dirigencia que est\u00e1 lejos de los problemas concretos del pueblo,<\/strong> por eso el pueblo aparece a veces tan indiferente a una cantidad de luchas que no entiende, a una&nbsp;cantidad de violencias que no comprende&#8221;, destac\u00f3 el titular de la CEA.<\/p>\n","protected":false},"excerpt":{"rendered":"<p>El presidente de la Conferencia Episcopal Argentina (CEA),\u00a0Oscar Ojea, advirti\u00f3 que\u00a0&#8220;la dirigencia est\u00e1 lejos de los problemas concretos&#8221; y destac\u00f3 los &#8220;esfuerzos del pueblo para&hellip; <\/p>\n","protected":false},"author":2,"featured_media":938,"comment_status":"open","ping_status":"open","sticky":false,"template":"","format":"standard","meta":{"footnotes":""},"categories":[9,13],"tags":[],"class_list":["post-937","post","type-post","status-publish","format-standard","has-post-thumbnail","hentry","category-destacadas","category-nacionales"],"_links":{"self":[{"href":"https:\/\/lametro989.com\/index.php?rest_route=\/wp\/v2\/posts\/937","targetHints":{"allow":["GET"]}}],"collection":[{"href":"https:\/\/lametro989.com\/index.php?rest_route=\/wp\/v2\/posts"}],"about":[{"href":"https:\/\/lametro989.com\/index.php?rest_route=\/wp\/v2\/types\/post"}],"author":[{"embeddable":true,"href":"https:\/\/lametro989.com\/index.php?rest_route=\/wp\/v2\/users\/2"}],"replies":[{"embeddable":true,"href":"https:\/\/lametro989.com\/index.php?rest_route=%2Fwp%2Fv2%2Fcomments&post=937"}],"version-history":[{"count":1,"href":"https:\/\/lametro989.com\/index.php?rest_route=\/wp\/v2\/posts\/937\/revisions"}],"predecessor-version":[{"id":939,"href":"https:\/\/lametro989.com\/index.php?rest_route=\/wp\/v2\/posts\/937\/revisions\/939"}],"wp:featuredmedia":[{"embeddable":true,"href":"https:\/\/lametro989.com\/index.php?rest_route=\/wp\/v2\/media\/938"}],"wp:attachment":[{"href":"https:\/\/lametro989.com\/index.php?rest_route=%2Fwp%2Fv2%2Fmedia&parent=937"}],"wp:term":[{"taxonomy":"category","embeddable":true,"href":"https:\/\/lametro989.com\/index.php?rest_route=%2Fwp%2Fv2%2Fcategories&post=937"},{"taxonomy":"post_tag","embeddable":true,"href":"https:\/\/lametro989.com\/index.php?rest_route=%2Fwp%2Fv2%2Ftags&post=937"}],"curies":[{"name":"wp","href":"https:\/\/api.w.org\/{rel}","templated":true}]}}