{"id":953,"date":"2023-07-09T22:42:34","date_gmt":"2023-07-10T01:42:34","guid":{"rendered":"https:\/\/lametro989.com\/?p=953"},"modified":"2023-07-09T22:42:34","modified_gmt":"2023-07-10T01:42:34","slug":"el-gobierno-nacional-inauguro-gasoducto-nestor-kirchner-con-llamados-a-la-unidad","status":"publish","type":"post","link":"https:\/\/lametro989.com\/?p=953","title":{"rendered":"El Gobierno Nacional inaugur\u00f3 Gasoducto N\u00e9stor Kirchner con llamados a la &#8220;unidad&#8221;"},"content":{"rendered":"\n<p>De la apertura de la v\u00e1lvula, participaron el presidente, Alberto Fern\u00e1ndez; la vicepresidenta, Cristina Fern\u00e1ndez; y el ministro de Econom\u00eda y precandidato presidencial, Sergio Massa. Destacaron la trascendencia de la obra para el cambio de la matriz econ\u00f3mica porque permitir\u00e1 a exportar gas a pa\u00edses lim\u00edtrofes.\u00a0<\/p>\n\n\n\n<figure class=\"wp-block-image size-full\"><img loading=\"lazy\" decoding=\"async\" width=\"1024\" height=\"682\" src=\"https:\/\/lametro989.com\/wp-content\/uploads\/2023\/07\/imagen-101.png\" alt=\"\" class=\"wp-image-954\" srcset=\"https:\/\/lametro989.com\/wp-content\/uploads\/2023\/07\/imagen-101.png 1024w, https:\/\/lametro989.com\/wp-content\/uploads\/2023\/07\/imagen-101-300x200.png 300w, https:\/\/lametro989.com\/wp-content\/uploads\/2023\/07\/imagen-101-768x512.png 768w\" sizes=\"auto, (max-width: 1024px) 100vw, 1024px\" \/><\/figure>\n\n\n\n<p>El presidente Alberto Fern\u00e1ndez, la vicepresidenta Cristina Fern\u00e1ndez y el ministro de Econom\u00eda y precandidato presidencial, Sergio Massa, inauguraron hoy el Gasoducto Presidente N\u00e9stor Kirchner en la ciudad bonaerense de Salliquel\u00f3 con llamados a la &#8220;unidad&#8221; del peronismo y el reconocimiento de medidas de gesti\u00f3n que fueron relevantes para el desarrollo de la obra, como la nacionalizaci\u00f3n de YPF y la sanci\u00f3n del Aporte Solidario y Extraordinario a las Grandes Fortunas.<\/p>\n\n\n\n<p>Los tres referentes de Uni\u00f3n por la Patria (UxP) compartieron el escenario en ese distrito del oeste bonaerense, no muy lejos del l\u00edmite con La Pampa, junto al gobernador Axel Kicillof y el jefe de Gabinete Agust\u00edn Rossi, tambi\u00e9n precandidato a vicepresidente por la coalici\u00f3n oficialista.<\/p>\n\n\n\n<p>Como oradores de la actividad, los tres destacaron la trascendencia de la construcci\u00f3n del gasoducto para el cambio de la matriz econ\u00f3mica porque, coincidieron, la obra permitir\u00e1 reducir la importaci\u00f3n de energ\u00eda para pasar a exportar gas a pa\u00edses lim\u00edtrofes, aparte de abastecer al consumo domiciliario y abaratar el suministro para la industria local.<\/p>\n\n\n\n<h3 class=\"wp-block-heading\">Preservar la unidad<\/h3>\n\n\n\n<p>A la hora de las definiciones electorales, el jefe de Estado llam\u00f3 a &#8220;preservar la unidad de los que queremos que la Argentina crezca y avance&#8221;, al advertir que &#8220;las elecciones se avecinan y no todo es lo mismo en pol\u00edtica&#8221;.<\/p>\n\n\n\n<p>El mandatario tambi\u00e9n advirti\u00f3 que &#8220;no hay ninguna posibilidad de que un pa\u00eds se desarrolle si el Estado no est\u00e1 presente&#8221; para &#8220;llevar las obras que hacen falta e impulsando las pol\u00edticas necesarias&#8221;.<\/p>\n\n\n\n<p>Tras apuntar que &#8220;la diferencia de precios que hay entre el gas extra\u00eddo de Vaca Muerta y el que viene en un barco importado es de 400%&#8221;, reafirm\u00f3 que est\u00e1 &#8220;convencido&#8221; de que &#8220;si el Estado no est\u00e1 presente la Argentina no se desarrolla&#8221;.<\/p>\n\n\n\n<p>&#8220;El destino me ha permitido que hoy empecemos a declarar la independencia energ\u00e9tica un 9 de Julio en el coraz\u00f3n de la provincia de Buenos Aires&#8221;, dijo, y destac\u00f3: &#8220;Pudimos hacer este gasoducto con recursos nuestros, empresas argentinas y trabajadores argentinos, que nos est\u00e1 garantizando que el gas llegue a los lugares de desarrollo que m\u00e1s lo necesitan&#8221;.<\/p>\n\n\n\n<h3 class=\"wp-block-heading\">No fue magia<\/h3>\n\n\n\n<p>Por su parte, la Vicepresidenta parafrase\u00f3 una consigna emblem\u00e1tica del kirchnerismo al resaltar que la inauguraci\u00f3n del gasoducto N\u00e9stor Kirchner &#8220;no fue magia&#8221;, y destac\u00f3 que los &#8220;573 kil\u00f3metros&#8221; que abarca la primera etapa de la obra &#8220;vienen a coronar la recuperaci\u00f3n&#8221; de YPF, que fue posible tras la nacionalizaci\u00f3n de la empresa que hasta 2012 estuvo en manos de la petrolera espa\u00f1ola Repsol.<\/p>\n\n\n\n<p>Adem\u00e1s, Cristina Kirchner puntualiz\u00f3 que la &#8220;balanza negativa&#8221; en energ\u00eda &#8220;no la provoc\u00f3 ning\u00fan pol\u00edtico ni empresa estatal&#8221; sino una &#8220;multinacional&#8221; que &#8220;a partir de aumentar los precios del combustible obten\u00eda ganancias extraordinarias&#8221;, en referencia a Repsol, del mismo modo que, dijo, el &#8220;problema&#8221; de la deuda con el Fondo no lo ocasion\u00f3 un &#8220;pol\u00edtico&#8221;.<\/p>\n\n\n\n<p>&#8220;El problema del FMI no lo trajo un pol\u00edtico, sino un empresario; el que era presidente era del bando de los empresarios&#8221;, se\u00f1al\u00f3, en alusi\u00f3n al exmandatario Mauricio Macri.<\/p>\n\n\n\n<p>Tambi\u00e9n se\u00f1al\u00f3 que si bien se busca &#8220;exportar&#8221; gas, el otro objetivo es garantizar &#8220;gas y petr\u00f3leo para nuestra industria&#8221; y para que sea &#8220;m\u00e1s competitiva&#8221;.&nbsp;Y agreg\u00f3 se busca llegar con el gas a &#8220;los hogares argentinos porque no es justo que, si tenemos la segunda reserva gas del mundo no convencional, nos quieran cobrar las cosas a precio d\u00f3lar y precio internacional&#8221;.<\/p>\n\n\n\n<h3 class=\"wp-block-heading\">Soberan\u00eda energ\u00e9tica<\/h3>\n\n\n\n<p>En tanto, Massa destac\u00f3 que la obra es el &#8220;principio de cambio en la matriz econ\u00f3mica y energ\u00e9tica&#8221; del pa\u00eds, y ponder\u00f3 que ya no habr\u00e1 necesidad de &#8220;importar gas en barco porque vamos a usar el gas de nuestro subsuelo&#8221;, as\u00ed como tampoco, dijo, se importar\u00e1 gas de Bolivia a ra\u00edz de que el &#8220;norte argentino va a estar alcanzado por el gas de Vaca Muerta&#8221;.<\/p>\n\n\n\n<p>Tambi\u00e9n, ponder\u00f3 la posibilidad de &#8220;exportar a Chile y al sur y centro de Brasil&#8221; y se entusiasm\u00f3 con la posibilidad de que Argentina &#8220;pase de ser un pa\u00eds con d\u00e9ficit de d\u00f3lares por tener que importar energ\u00eda a un pa\u00eds con super\u00e1vit de d\u00f3lar en su balanza comercial&#8221;.<\/p>\n\n\n\n<p>El titular de la cartera econ\u00f3mica destac\u00f3 a quienes hicieron &#8220;el aporte solidario&#8221; que permiti\u00f3 su construcci\u00f3n.<\/p>\n\n\n\n<p>&#8220;Agradezco a las empresas argentinas que cumplieron en tiempo y forma con los plazos, a los gobernadores, a los legisladores que votaron el Aporte Solidario en el Congreso, a los autores del proyecto, M\u00e1ximo Kirchner y Carlos Heller. A los argentinos que aportaron con el Aporte Solidario vamos a mandarles una carta agradeci\u00e9ndoles porque el gasoducto aporta al desarrollo de Argentina. A los que no pagaron se perdieron la oportunidad de ser parte de algo que por 30 a\u00f1os los argentinos lo van a disfrutar; se lo vamos a cobrar igual&#8221;, expres\u00f3 Massa.<\/p>\n\n\n\n<p>Y anunci\u00f3 que en septiembre se llamar\u00e1 a licitaci\u00f3n para el segundo tramo del Gasoducto, que ir\u00e1 de Salliquel\u00f3 a San Jer\u00f3nimo, &#8220;para terminar de abastecer el litoral argentino&#8221;.<\/p>\n\n\n\n<p><em>Fuente: T\u00e9lam<\/em><\/p>\n","protected":false},"excerpt":{"rendered":"<p>De la apertura de la v\u00e1lvula, participaron el presidente, Alberto Fern\u00e1ndez; la vicepresidenta, Cristina Fern\u00e1ndez; y el ministro de Econom\u00eda y precandidato presidencial, Sergio Massa.&hellip; <\/p>\n","protected":false},"author":2,"featured_media":954,"comment_status":"open","ping_status":"open","sticky":false,"template":"","format":"standard","meta":{"footnotes":""},"categories":[9,5],"tags":[],"class_list":["post-953","post","type-post","status-publish","format-standard","has-post-thumbnail","hentry","category-destacadas","category-politica"],"_links":{"self":[{"href":"https:\/\/lametro989.com\/index.php?rest_route=\/wp\/v2\/posts\/953","targetHints":{"allow":["GET"]}}],"collection":[{"href":"https:\/\/lametro989.com\/index.php?rest_route=\/wp\/v2\/posts"}],"about":[{"href":"https:\/\/lametro989.com\/index.php?rest_route=\/wp\/v2\/types\/post"}],"author":[{"embeddable":true,"href":"https:\/\/lametro989.com\/index.php?rest_route=\/wp\/v2\/users\/2"}],"replies":[{"embeddable":true,"href":"https:\/\/lametro989.com\/index.php?rest_route=%2Fwp%2Fv2%2Fcomments&post=953"}],"version-history":[{"count":1,"href":"https:\/\/lametro989.com\/index.php?rest_route=\/wp\/v2\/posts\/953\/revisions"}],"predecessor-version":[{"id":955,"href":"https:\/\/lametro989.com\/index.php?rest_route=\/wp\/v2\/posts\/953\/revisions\/955"}],"wp:featuredmedia":[{"embeddable":true,"href":"https:\/\/lametro989.com\/index.php?rest_route=\/wp\/v2\/media\/954"}],"wp:attachment":[{"href":"https:\/\/lametro989.com\/index.php?rest_route=%2Fwp%2Fv2%2Fmedia&parent=953"}],"wp:term":[{"taxonomy":"category","embeddable":true,"href":"https:\/\/lametro989.com\/index.php?rest_route=%2Fwp%2Fv2%2Fcategories&post=953"},{"taxonomy":"post_tag","embeddable":true,"href":"https:\/\/lametro989.com\/index.php?rest_route=%2Fwp%2Fv2%2Ftags&post=953"}],"curies":[{"name":"wp","href":"https:\/\/api.w.org\/{rel}","templated":true}]}}