{"id":957,"date":"2023-07-09T22:45:55","date_gmt":"2023-07-10T01:45:55","guid":{"rendered":"https:\/\/lametro989.com\/?p=957"},"modified":"2023-07-09T22:45:55","modified_gmt":"2023-07-10T01:45:55","slug":"el-ministerio-de-seguridad-dio-de-baja-a-un-asesor-tras-conocerse-su-incorporacion-en-la-defensa-del-matrimonio-sena","status":"publish","type":"post","link":"https:\/\/lametro989.com\/?p=957","title":{"rendered":"El Ministerio de Seguridad dio de baja a un asesor tras conocerse su incorporaci\u00f3n en la defensa del matrimonio Sena"},"content":{"rendered":"\n<p>Se trata del abogado Armando Nicol\u00e1s Boniardi Cabra, quien asumi\u00f3 funciones en enero de este a\u00f1o en la asesor\u00eda de asuntos vinculados a los Foros de Seguridad. \u201cLa decisi\u00f3n fue tomada de manera inmediata e irrevocable\u201d, subray\u00f3 Zalazar.\u00a0<\/p>\n\n\n\n<figure class=\"wp-block-image size-large\"><img loading=\"lazy\" decoding=\"async\" width=\"1024\" height=\"516\" src=\"https:\/\/lametro989.com\/wp-content\/uploads\/2023\/07\/imagen-102-1024x516.png\" alt=\"\" class=\"wp-image-958\" srcset=\"https:\/\/lametro989.com\/wp-content\/uploads\/2023\/07\/imagen-102-1024x516.png 1024w, https:\/\/lametro989.com\/wp-content\/uploads\/2023\/07\/imagen-102-300x151.png 300w, https:\/\/lametro989.com\/wp-content\/uploads\/2023\/07\/imagen-102-768x387.png 768w, https:\/\/lametro989.com\/wp-content\/uploads\/2023\/07\/imagen-102.png 1300w\" sizes=\"auto, (max-width: 1024px) 100vw, 1024px\" \/><\/figure>\n\n\n\n<p>La ministra de Seguridad y Justicia de la provincia, Gloria Zalazar, defini\u00f3 dar de baja este domingo a un integrante del ministerio que desempe\u00f1aba funciones de la asesor\u00eda en asuntos vinculados a los foros de seguridad, tras conocerse que participar\u00e1 en el equipo de abogados defensores del matrimonio Sena en la causa por la desaparici\u00f3n y presunto femicidio de Cecilia Strzyzowski.<\/p>\n\n\n\n<p>La decisi\u00f3n fue tomada \u201cde manera inmediata e irrevocable\u201d, subray\u00f3 Zalazar, luego de tomar conocimiento a trav\u00e9s de los medios de comunicaci\u00f3n acerca de la incorporaci\u00f3n del abogado Armando Nicol\u00e1s Boniardi Cabra al equipo de defensa de Emerenciano Sena y Marcela Acu\u00f1a junto al letrado Ricardo Ariel Osuna.&nbsp;<\/p>\n\n\n\n<p>Boniardi Cabra se desempe\u00f1aba como asesor sobre asuntos relacionados al esquema de foros de seguridad. Basados en la Ley de Seguridad P\u00fablica 2011-J, estos foros vecinales est\u00e1n integrados por grupos de vecinos y organizaciones de la sociedad civil que tienen la funci\u00f3n de mantener reuniones peri\u00f3dicas, solicitar informes, presentar reclamos, formular sugerencias y tambi\u00e9n propuestas a las autoridades del ministerio de Seguridad y Justicia.<\/p>\n","protected":false},"excerpt":{"rendered":"<p>Se trata del abogado Armando Nicol\u00e1s Boniardi Cabra, quien asumi\u00f3 funciones en enero de este a\u00f1o en la asesor\u00eda de asuntos vinculados a los Foros&hellip; <\/p>\n","protected":false},"author":2,"featured_media":958,"comment_status":"open","ping_status":"open","sticky":false,"template":"","format":"standard","meta":{"footnotes":""},"categories":[9,2],"tags":[],"class_list":["post-957","post","type-post","status-publish","format-standard","has-post-thumbnail","hentry","category-destacadas","category-provinciales"],"_links":{"self":[{"href":"https:\/\/lametro989.com\/index.php?rest_route=\/wp\/v2\/posts\/957","targetHints":{"allow":["GET"]}}],"collection":[{"href":"https:\/\/lametro989.com\/index.php?rest_route=\/wp\/v2\/posts"}],"about":[{"href":"https:\/\/lametro989.com\/index.php?rest_route=\/wp\/v2\/types\/post"}],"author":[{"embeddable":true,"href":"https:\/\/lametro989.com\/index.php?rest_route=\/wp\/v2\/users\/2"}],"replies":[{"embeddable":true,"href":"https:\/\/lametro989.com\/index.php?rest_route=%2Fwp%2Fv2%2Fcomments&post=957"}],"version-history":[{"count":1,"href":"https:\/\/lametro989.com\/index.php?rest_route=\/wp\/v2\/posts\/957\/revisions"}],"predecessor-version":[{"id":959,"href":"https:\/\/lametro989.com\/index.php?rest_route=\/wp\/v2\/posts\/957\/revisions\/959"}],"wp:featuredmedia":[{"embeddable":true,"href":"https:\/\/lametro989.com\/index.php?rest_route=\/wp\/v2\/media\/958"}],"wp:attachment":[{"href":"https:\/\/lametro989.com\/index.php?rest_route=%2Fwp%2Fv2%2Fmedia&parent=957"}],"wp:term":[{"taxonomy":"category","embeddable":true,"href":"https:\/\/lametro989.com\/index.php?rest_route=%2Fwp%2Fv2%2Fcategories&post=957"},{"taxonomy":"post_tag","embeddable":true,"href":"https:\/\/lametro989.com\/index.php?rest_route=%2Fwp%2Fv2%2Ftags&post=957"}],"curies":[{"name":"wp","href":"https:\/\/api.w.org\/{rel}","templated":true}]}}