{"id":960,"date":"2023-07-09T22:53:19","date_gmt":"2023-07-10T01:53:19","guid":{"rendered":"https:\/\/lametro989.com\/?p=960"},"modified":"2023-07-09T22:53:19","modified_gmt":"2023-07-10T01:53:19","slug":"se-realizo-una-nueva-movilizacion-por-cecilia-y-en-rechazo-al-pedido-de-prision-domiciliaria-para-emerenciano-sena","status":"publish","type":"post","link":"https:\/\/lametro989.com\/?p=960","title":{"rendered":"Se realiz\u00f3 una nueva movilizaci\u00f3n por Cecilia y en rechazo al pedido de prisi\u00f3n domiciliaria para Emerenciano Sena\u00a0"},"content":{"rendered":"\n<p>La marcha concentr\u00f3 a los presentes en la Plaza 25 de Mayo y sigui\u00f3 hasta el edificio de fiscal\u00edas ubicado en la avenida 9 de julio al 236.<\/p>\n\n\n\n<figure class=\"wp-block-image size-full\"><img loading=\"lazy\" decoding=\"async\" width=\"600\" height=\"450\" src=\"https:\/\/lametro989.com\/wp-content\/uploads\/2023\/07\/imagen-103.png\" alt=\"\" class=\"wp-image-961\" srcset=\"https:\/\/lametro989.com\/wp-content\/uploads\/2023\/07\/imagen-103.png 600w, https:\/\/lametro989.com\/wp-content\/uploads\/2023\/07\/imagen-103-300x225.png 300w\" sizes=\"auto, (max-width: 600px) 100vw, 600px\" \/><\/figure>\n\n\n\n<p>Como se ten\u00eda estipulado, este domingo se realiz\u00f3 una nueva movilizaci\u00f3n para pedir justicia por el femicidio de Cecilia Strzyzowski. La marcha, encabezada por Gloria Romero -madre de la joven de 28 a\u00f1os que fue vista con vida por \u00faltima vez el 2 de junio- tambi\u00e9n exigi\u00f3 que se rechace el pedido de prisi\u00f3n domiciliaria para Emerenciano Sena.&nbsp;<\/p>\n\n\n\n<p>La convocatoria reuni\u00f3 a los presentes en la Plaza 25 de Mayo de Resistencia a las 16:30 horas. All\u00ed, Gloria no quiso olvidarse de este 9 de julio, D\u00eda de la Independencia, por lo cual las personas entonaron las estrofas del Himno Nacional Argentino.\u00a0<\/p>\n\n\n\n<p>Finalizada la canci\u00f3n patria, Gloria y los dem\u00e1s marcharon hasta el edificio de fiscal\u00edas ubicado en la avenida 9 de julio. Con banderas, pancartas, carteles, fotos de Cecilia y el color rosa predominante, los convocados llegaron hasta el lugar al grito de &#8220;justicia por Cecilia&#8221;.&nbsp;<\/p>\n\n\n\n<p>En su discurso, Gloria resalt\u00f3 que &#8220;todos van a decir que hago pol\u00edtica, puede ser que sea pol\u00edtica pero no hago pol\u00edtica partidaria. No me interesa ning\u00fan partido&#8221;.&nbsp;<ins><\/ins><\/p>\n\n\n\n<p>En ese sentido, agreg\u00f3: &#8220;Me interesa que se haga justicia. Si nadie viene a manifestarse va a pasar lo mismo. Van a venir las elecciones, va a volver el poder y vamos a tener a estos movimientos otra vez manej\u00e1ndonos la vida y mat\u00e1ndonos&#8221;.&nbsp;<\/p>\n","protected":false},"excerpt":{"rendered":"<p>La marcha concentr\u00f3 a los presentes en la Plaza 25 de Mayo y sigui\u00f3 hasta el edificio de fiscal\u00edas ubicado en la avenida 9 de&hellip; <\/p>\n","protected":false},"author":2,"featured_media":961,"comment_status":"open","ping_status":"open","sticky":false,"template":"","format":"standard","meta":{"footnotes":""},"categories":[9,2],"tags":[],"class_list":["post-960","post","type-post","status-publish","format-standard","has-post-thumbnail","hentry","category-destacadas","category-provinciales"],"_links":{"self":[{"href":"https:\/\/lametro989.com\/index.php?rest_route=\/wp\/v2\/posts\/960","targetHints":{"allow":["GET"]}}],"collection":[{"href":"https:\/\/lametro989.com\/index.php?rest_route=\/wp\/v2\/posts"}],"about":[{"href":"https:\/\/lametro989.com\/index.php?rest_route=\/wp\/v2\/types\/post"}],"author":[{"embeddable":true,"href":"https:\/\/lametro989.com\/index.php?rest_route=\/wp\/v2\/users\/2"}],"replies":[{"embeddable":true,"href":"https:\/\/lametro989.com\/index.php?rest_route=%2Fwp%2Fv2%2Fcomments&post=960"}],"version-history":[{"count":1,"href":"https:\/\/lametro989.com\/index.php?rest_route=\/wp\/v2\/posts\/960\/revisions"}],"predecessor-version":[{"id":962,"href":"https:\/\/lametro989.com\/index.php?rest_route=\/wp\/v2\/posts\/960\/revisions\/962"}],"wp:featuredmedia":[{"embeddable":true,"href":"https:\/\/lametro989.com\/index.php?rest_route=\/wp\/v2\/media\/961"}],"wp:attachment":[{"href":"https:\/\/lametro989.com\/index.php?rest_route=%2Fwp%2Fv2%2Fmedia&parent=960"}],"wp:term":[{"taxonomy":"category","embeddable":true,"href":"https:\/\/lametro989.com\/index.php?rest_route=%2Fwp%2Fv2%2Fcategories&post=960"},{"taxonomy":"post_tag","embeddable":true,"href":"https:\/\/lametro989.com\/index.php?rest_route=%2Fwp%2Fv2%2Ftags&post=960"}],"curies":[{"name":"wp","href":"https:\/\/api.w.org\/{rel}","templated":true}]}}