{"id":963,"date":"2023-07-09T22:56:57","date_gmt":"2023-07-10T01:56:57","guid":{"rendered":"https:\/\/lametro989.com\/?p=963"},"modified":"2023-07-09T22:56:57","modified_gmt":"2023-07-10T01:56:57","slug":"el-gobierno-provincial-inauguro-un-hospital-las-primeras-cuadras-de-pavimento-urbano-y-otras-obras-en-el-espinillo","status":"publish","type":"post","link":"https:\/\/lametro989.com\/?p=963","title":{"rendered":"El gobierno provincial inaugur\u00f3 un hospital, las primeras cuadras de pavimento urbano y otras obras en El Espinillo"},"content":{"rendered":"\n<p>En el D\u00eda de la Independencia Nacional y en conmemoraci\u00f3n de un nuevo aniversario de esa localidad, el gobernador Jorge Capitanich habilit\u00f3 m\u00faltiples obras de infraestructura entre las que se destacan el Hospital de complejidad III y las primeras diez cuadras de pavimento de su historia.\u00a0\u00a0<\/p>\n\n\n\n<figure class=\"wp-block-image size-full\"><img loading=\"lazy\" decoding=\"async\" width=\"888\" height=\"592\" src=\"https:\/\/lametro989.com\/wp-content\/uploads\/2023\/07\/imagen-104.png\" alt=\"\" class=\"wp-image-964\" srcset=\"https:\/\/lametro989.com\/wp-content\/uploads\/2023\/07\/imagen-104.png 888w, https:\/\/lametro989.com\/wp-content\/uploads\/2023\/07\/imagen-104-300x200.png 300w, https:\/\/lametro989.com\/wp-content\/uploads\/2023\/07\/imagen-104-768x512.png 768w\" sizes=\"auto, (max-width: 888px) 100vw, 888px\" \/><\/figure>\n","protected":false},"excerpt":{"rendered":"<p>En el D\u00eda de la Independencia Nacional y en conmemoraci\u00f3n de un nuevo aniversario de esa localidad, el gobernador Jorge Capitanich habilit\u00f3 m\u00faltiples obras de&hellip; <\/p>\n","protected":false},"author":2,"featured_media":964,"comment_status":"open","ping_status":"open","sticky":false,"template":"","format":"standard","meta":{"footnotes":""},"categories":[9,2],"tags":[],"class_list":["post-963","post","type-post","status-publish","format-standard","has-post-thumbnail","hentry","category-destacadas","category-provinciales"],"_links":{"self":[{"href":"https:\/\/lametro989.com\/index.php?rest_route=\/wp\/v2\/posts\/963","targetHints":{"allow":["GET"]}}],"collection":[{"href":"https:\/\/lametro989.com\/index.php?rest_route=\/wp\/v2\/posts"}],"about":[{"href":"https:\/\/lametro989.com\/index.php?rest_route=\/wp\/v2\/types\/post"}],"author":[{"embeddable":true,"href":"https:\/\/lametro989.com\/index.php?rest_route=\/wp\/v2\/users\/2"}],"replies":[{"embeddable":true,"href":"https:\/\/lametro989.com\/index.php?rest_route=%2Fwp%2Fv2%2Fcomments&post=963"}],"version-history":[{"count":1,"href":"https:\/\/lametro989.com\/index.php?rest_route=\/wp\/v2\/posts\/963\/revisions"}],"predecessor-version":[{"id":965,"href":"https:\/\/lametro989.com\/index.php?rest_route=\/wp\/v2\/posts\/963\/revisions\/965"}],"wp:featuredmedia":[{"embeddable":true,"href":"https:\/\/lametro989.com\/index.php?rest_route=\/wp\/v2\/media\/964"}],"wp:attachment":[{"href":"https:\/\/lametro989.com\/index.php?rest_route=%2Fwp%2Fv2%2Fmedia&parent=963"}],"wp:term":[{"taxonomy":"category","embeddable":true,"href":"https:\/\/lametro989.com\/index.php?rest_route=%2Fwp%2Fv2%2Fcategories&post=963"},{"taxonomy":"post_tag","embeddable":true,"href":"https:\/\/lametro989.com\/index.php?rest_route=%2Fwp%2Fv2%2Ftags&post=963"}],"curies":[{"name":"wp","href":"https:\/\/api.w.org\/{rel}","templated":true}]}}