{"id":971,"date":"2023-07-09T23:54:10","date_gmt":"2023-07-10T02:54:10","guid":{"rendered":"https:\/\/lametro989.com\/?p=971"},"modified":"2023-07-09T23:54:10","modified_gmt":"2023-07-10T02:54:10","slug":"hablo-la-mama-del-joven-abusado-en-patota-en-colonias-unidas-en-dos-minutos-le-arruinaron-la-vida-a-mi-hijo","status":"publish","type":"post","link":"https:\/\/lametro989.com\/?p=971","title":{"rendered":"Habl\u00f3 la mam\u00e1 del joven abusado en &#8220;patota&#8221; en Colonias Unidas: &#8220;En dos minutos, le arruinaron la vida a mi hijo&#8221;"},"content":{"rendered":"\n<p>El 26 de mayo, Bruno Ceccacci\u00a0junto a sus compa\u00f1eros presentaron las chombas de quinto a\u00f1o en el Polideportivo Municipal. Con ese fin, realizaron un evento en el que los estudiantes bailaron y actuaron para divertirse. En un momento, cinco personas , de forma planificada, lo habr\u00edan reducido y abusado sexualmente. Su madre, Gabriela Aranda, se expres\u00f3 en relaci\u00f3n a esta indignante historia durante el &#8220;<strong>Informativo Federal a las 20<\/strong>&#8221; y pidi\u00f3 &#8220;<strong>Justicia para que a nadie m\u00e1s le suceda<\/strong>&#8220;.<\/p>\n\n\n\n<figure class=\"wp-block-image size-full\"><img loading=\"lazy\" decoding=\"async\" width=\"600\" height=\"337\" src=\"https:\/\/lametro989.com\/wp-content\/uploads\/2023\/07\/imagen-106.png\" alt=\"\" class=\"wp-image-972\" srcset=\"https:\/\/lametro989.com\/wp-content\/uploads\/2023\/07\/imagen-106.png 600w, https:\/\/lametro989.com\/wp-content\/uploads\/2023\/07\/imagen-106-300x169.png 300w\" sizes=\"auto, (max-width: 600px) 100vw, 600px\" \/><\/figure>\n\n\n\n<p>La v\u00edctima, fue a cambiarse de vestuario para un segundo acto y en ese lapso dos personas quedaron de \u201ccampana\u201d, dos lo tomaron del brazo y el quinto, afirma, que abus\u00f3 de \u00e9l.<\/p>\n\n\n\n<blockquote class=\"wp-block-quote is-layout-flow wp-block-quote-is-layout-flow\">\n<h2 class=\"wp-block-heading\">\u201cEsto shocke\u00f3 a mi hijo, le arruinaron la vida en 2 minutos\u201d<\/h2>\n<\/blockquote>\n\n\n\n<p>Este hecho ocurri\u00f3 en el Polideportivo Municipal de Colonias Unidas. Al evento lo organiz\u00f3 una profesora y la madre de Bruno afirma que &#8220;<strong>no se hizo cargo de nada de lo que sucedi\u00f3<\/strong>&#8220;.<\/p>\n\n\n\n<p>Efectuaron la correspondiente denuncia policial, pas\u00f3 m\u00e1s de un mes de ese hecho y todav\u00eda no hay detenidos. El caso lleg\u00f3 a Fiscal\u00eda N\u00b02, y ahora esperan una determinaci\u00f3n de la Justicia. Los abogados que se hicieron cargo del caso, lograron celeridad en la investigaci\u00f3n pero \u201c<strong>despu\u00e9s de 1 mes, reci\u00e9n se movi\u00f3 el expediente<\/strong>\u201d, sostiene Gabriela Aranda.<\/p>\n\n\n\n<blockquote class=\"wp-block-quote is-layout-flow wp-block-quote-is-layout-flow\">\n<h2 class=\"wp-block-heading\">\u201cDespu\u00e9s de 1 mes, reci\u00e9n se movi\u00f3 el expediente\u201d<\/h2>\n<\/blockquote>\n\n\n\n<p>Bruno pudo identificar a dos de sus agresores, pero no a los dem\u00e1s debido a que era una parte del predio muy oscura. Los atacantes son personas mayores, de entre 20 a 30 a\u00f1os. &#8220;<strong>Se dice que son posiblemente \u201cmimados\u201d en el pueblo, refugiados<\/strong>&#8220;, apunt\u00f3 su madre.<\/p>\n\n\n\n<blockquote class=\"wp-block-quote is-layout-flow wp-block-quote-is-layout-flow\">\n<h2 class=\"wp-block-heading\">\u201cEn Colonias Unidas han pasado hechos similares y la gente tiene miedo de hablar\u201d<\/h2>\n<\/blockquote>\n\n\n\n<p>&#8220;<strong>Mi hijo est\u00e1 con tratamiento psicol\u00f3gico, a la noche no puede dormir porque tiene pesadillas que estas personas lo atacan constantemente<\/strong>&#8220;, relat\u00f3 Gabriela y agreg\u00f3: &#8220;<strong>Tengo que estar muy pendiente de \u00e9l, est\u00e1 muy mal. La Instituci\u00f3n le otorg\u00f3 ayuda, lo compa\u00f1eros y los profesores se solidarizan, pero quiero que estas personas est\u00e9n tras las rejas<\/strong>&#8220;.<\/p>\n\n\n\n<blockquote class=\"wp-block-quote is-layout-flow wp-block-quote-is-layout-flow\">\n<h2 class=\"wp-block-heading\">\u201cTengo Fe de que se har\u00e1 Justicia, hoy fue mi hijo y esto puede volver a pasar\u201d<\/h2>\n<\/blockquote>\n\n\n\n<p><\/p>\n\n\n\n<p><\/p>\n\n\n\n<p><\/p>\n\n\n\n<p><a href=\"https:\/\/www.diario22.ar\/notix2\/noticia\/195000_heacutector-aranda-ganoacute-el-campeonato-de-locro-en-saacuteenz-pentildea-iquestcuaacutel-fue-su-secreto.htm\"><\/a><\/p>\n\n\n\n<p><\/p>\n\n\n\n<p><\/p>\n\n\n\n<p><a href=\"https:\/\/www.diario22.ar\/notix2\/noticia\/194993_se-vivioacute-la-segunda-edicioacuten-del-campeonato-de-locro-en-saacuteenz-pentildea-con-la-presencia-del-locro-vegano.htm\"><\/a><\/p>\n\n\n\n<p><\/p>\n\n\n\n<p><\/p>\n\n\n\n<p><\/p>\n\n\n\n<p><\/p>\n\n\n\n<p><\/p>\n\n\n\n<p><a href=\"https:\/\/www.diario22.ar\/notix2\/\"><\/a><\/p>\n","protected":false},"excerpt":{"rendered":"<p>El 26 de mayo, Bruno Ceccacci\u00a0junto a sus compa\u00f1eros presentaron las chombas de quinto a\u00f1o en el Polideportivo Municipal. Con ese fin, realizaron un evento&hellip; <\/p>\n","protected":false},"author":2,"featured_media":972,"comment_status":"open","ping_status":"open","sticky":false,"template":"","format":"standard","meta":{"footnotes":""},"categories":[9,5],"tags":[],"class_list":["post-971","post","type-post","status-publish","format-standard","has-post-thumbnail","hentry","category-destacadas","category-politica"],"_links":{"self":[{"href":"https:\/\/lametro989.com\/index.php?rest_route=\/wp\/v2\/posts\/971","targetHints":{"allow":["GET"]}}],"collection":[{"href":"https:\/\/lametro989.com\/index.php?rest_route=\/wp\/v2\/posts"}],"about":[{"href":"https:\/\/lametro989.com\/index.php?rest_route=\/wp\/v2\/types\/post"}],"author":[{"embeddable":true,"href":"https:\/\/lametro989.com\/index.php?rest_route=\/wp\/v2\/users\/2"}],"replies":[{"embeddable":true,"href":"https:\/\/lametro989.com\/index.php?rest_route=%2Fwp%2Fv2%2Fcomments&post=971"}],"version-history":[{"count":1,"href":"https:\/\/lametro989.com\/index.php?rest_route=\/wp\/v2\/posts\/971\/revisions"}],"predecessor-version":[{"id":973,"href":"https:\/\/lametro989.com\/index.php?rest_route=\/wp\/v2\/posts\/971\/revisions\/973"}],"wp:featuredmedia":[{"embeddable":true,"href":"https:\/\/lametro989.com\/index.php?rest_route=\/wp\/v2\/media\/972"}],"wp:attachment":[{"href":"https:\/\/lametro989.com\/index.php?rest_route=%2Fwp%2Fv2%2Fmedia&parent=971"}],"wp:term":[{"taxonomy":"category","embeddable":true,"href":"https:\/\/lametro989.com\/index.php?rest_route=%2Fwp%2Fv2%2Fcategories&post=971"},{"taxonomy":"post_tag","embeddable":true,"href":"https:\/\/lametro989.com\/index.php?rest_route=%2Fwp%2Fv2%2Ftags&post=971"}],"curies":[{"name":"wp","href":"https:\/\/api.w.org\/{rel}","templated":true}]}}