{"id":976,"date":"2023-07-10T00:01:12","date_gmt":"2023-07-10T03:01:12","guid":{"rendered":"https:\/\/lametro989.com\/?p=976"},"modified":"2023-07-10T00:01:12","modified_gmt":"2023-07-10T03:01:12","slug":"el-tremendo-mural-de-lionel-messi-en-miami-y-la-reaccion-de-beckham","status":"publish","type":"post","link":"https:\/\/lametro989.com\/?p=976","title":{"rendered":"El tremendo mural de Lionel Messi en Miami y la reacci\u00f3n de Beckham"},"content":{"rendered":"\n<p>Fue pintado por un artista argentino y el presidente de Inter qued\u00f3 maravillado<\/p>\n\n\n\n<figure class=\"wp-block-image size-full\"><img loading=\"lazy\" decoding=\"async\" width=\"784\" height=\"900\" src=\"https:\/\/lametro989.com\/wp-content\/uploads\/2023\/07\/imagen-108.png\" alt=\"\" class=\"wp-image-977\" srcset=\"https:\/\/lametro989.com\/wp-content\/uploads\/2023\/07\/imagen-108.png 784w, https:\/\/lametro989.com\/wp-content\/uploads\/2023\/07\/imagen-108-261x300.png 261w, https:\/\/lametro989.com\/wp-content\/uploads\/2023\/07\/imagen-108-768x882.png 768w\" sizes=\"auto, (max-width: 784px) 100vw, 784px\" \/><\/figure>\n\n\n\n<p><strong><a href=\"https:\/\/www.google.com\/url?sa=t&amp;rct=j&amp;q=&amp;esrc=s&amp;source=web&amp;cd=&amp;cad=rja&amp;uact=8&amp;ved=2ahUKEwioirf6hYOAAxVWq5UCHXKfACAQFnoECBIQAQ&amp;url=https%3A%2F%2Fwww.elgrafico.com.ar%2Fcategoria%2F1112%2Flionel-messi&amp;usg=AOvVaw28Pk9_ZLwLHjbzXlAlQzv7&amp;opi=89978449\">LIONEL MESSI<\/a>&nbsp;<\/strong>ya es un \u00edcono de <strong>Miami <\/strong>incluso sin haber arribado a la ciudad. Tal es as\u00ed que el astro argentino ya tiene un enorme mural con su cara antes de debutar en<strong> Inter<\/strong>, equipo de la ciudad.<br><\/p>\n\n\n\n<p>Dicha obra de arte fue pintada por el <strong>artista argentino Maximiliano Bagnasco<\/strong>, quien le estaba dando una pasada cuando apareci\u00f3 el presidente de la instituci\u00f3n y leyenda del f\u00fatbol, <strong>David Beckham<\/strong>.<\/p>\n\n\n\n<p>El ingl\u00e9s <strong>qued\u00f3 maravillado <\/strong>con la pintura y hasta se anim\u00f3 a soltar un &#8220;masomenos&#8221;, cuando Maximiliano le pregunt\u00f3 si sab\u00eda hablar espa\u00f1ol.<\/p>\n\n\n\n<p><\/p>\n\n\n\n<p><\/p>\n\n\n\n<h3 class=\"wp-block-heading\"><\/h3>\n","protected":false},"excerpt":{"rendered":"<p>Fue pintado por un artista argentino y el presidente de Inter qued\u00f3 maravillado LIONEL MESSI&nbsp;ya es un \u00edcono de Miami incluso sin haber arribado a&hellip; <\/p>\n","protected":false},"author":2,"featured_media":977,"comment_status":"open","ping_status":"open","sticky":false,"template":"","format":"standard","meta":{"footnotes":""},"categories":[10],"tags":[],"class_list":["post-976","post","type-post","status-publish","format-standard","has-post-thumbnail","hentry","category-deportes"],"_links":{"self":[{"href":"https:\/\/lametro989.com\/index.php?rest_route=\/wp\/v2\/posts\/976","targetHints":{"allow":["GET"]}}],"collection":[{"href":"https:\/\/lametro989.com\/index.php?rest_route=\/wp\/v2\/posts"}],"about":[{"href":"https:\/\/lametro989.com\/index.php?rest_route=\/wp\/v2\/types\/post"}],"author":[{"embeddable":true,"href":"https:\/\/lametro989.com\/index.php?rest_route=\/wp\/v2\/users\/2"}],"replies":[{"embeddable":true,"href":"https:\/\/lametro989.com\/index.php?rest_route=%2Fwp%2Fv2%2Fcomments&post=976"}],"version-history":[{"count":1,"href":"https:\/\/lametro989.com\/index.php?rest_route=\/wp\/v2\/posts\/976\/revisions"}],"predecessor-version":[{"id":978,"href":"https:\/\/lametro989.com\/index.php?rest_route=\/wp\/v2\/posts\/976\/revisions\/978"}],"wp:featuredmedia":[{"embeddable":true,"href":"https:\/\/lametro989.com\/index.php?rest_route=\/wp\/v2\/media\/977"}],"wp:attachment":[{"href":"https:\/\/lametro989.com\/index.php?rest_route=%2Fwp%2Fv2%2Fmedia&parent=976"}],"wp:term":[{"taxonomy":"category","embeddable":true,"href":"https:\/\/lametro989.com\/index.php?rest_route=%2Fwp%2Fv2%2Fcategories&post=976"},{"taxonomy":"post_tag","embeddable":true,"href":"https:\/\/lametro989.com\/index.php?rest_route=%2Fwp%2Fv2%2Ftags&post=976"}],"curies":[{"name":"wp","href":"https:\/\/api.w.org\/{rel}","templated":true}]}}