{"id":980,"date":"2023-07-10T08:46:57","date_gmt":"2023-07-10T11:46:57","guid":{"rendered":"https:\/\/lametro989.com\/?p=980"},"modified":"2023-07-10T08:46:57","modified_gmt":"2023-07-10T11:46:57","slug":"lo-dejaron-solo-a-jey-mammon-que-hicieron-los-integrantes-de-la-pena-de-morfi","status":"publish","type":"post","link":"https:\/\/lametro989.com\/?p=980","title":{"rendered":"Lo dejaron solo a Jey Mamm\u00f3n: qu\u00e9 hicieron los integrantes de La Pe\u00f1a de Morfi"},"content":{"rendered":"\n<p>La aparici\u00f3n del exconductor de La Pe\u00f1a de Morfi sorprendi\u00f3 a varios, a pesar de que el m\u00fasico hab\u00eda anunciado su presencia, y muchos decidieron tomar postura.<\/p>\n\n\n\n<figure class=\"wp-block-image size-full\"><img loading=\"lazy\" decoding=\"async\" width=\"610\" height=\"343\" src=\"https:\/\/lametro989.com\/wp-content\/uploads\/2023\/07\/image-13.png\" alt=\"\" class=\"wp-image-981\" srcset=\"https:\/\/lametro989.com\/wp-content\/uploads\/2023\/07\/image-13.png 610w, https:\/\/lametro989.com\/wp-content\/uploads\/2023\/07\/image-13-300x169.png 300w\" sizes=\"auto, (max-width: 610px) 100vw, 610px\" \/><\/figure>\n\n\n\n<p><strong>Jey Mamm\u00f3n se encuentra en el ojo de la tormenta desde que fue denunciado por Lucas Benvenuto bajo el delito de abuso sexual<\/strong>, debido a la relaci\u00f3n sexo-afectiva que ambos mantuvieron cuando el joven era s\u00f3lo un adolescente.<\/p>\n\n\n\n<p>A partir de entonces, el caos ingres\u00f3 en la vida del m\u00fasico, que vio romperse en pedazos los proyectos que ten\u00eda por delante. No obstante, decidi\u00f3 reaparecer en los medios y brindar algunas entrevistas, de las cuales\u00a0<strong>la m\u00e1s pol\u00e9mica fue la que dio en Intrusos<\/strong>, donde tuvo un\u00a0<strong><a rel=\"noreferrer noopener\" href=\"https:\/\/www.minutouno.com\/espectaculos\/jey-mammon\/fuerte-cruce-laura-ubfal-y-pampito-vivo-n5762964\" target=\"_blank\">fuerte cruce con Laura Ubfal y Pampito<\/a><\/strong>. <\/p>\n\n\n\n<p>De hecho, en ese intercambio con Flor de la V el conductor sostuvo que&nbsp;<a href=\"https:\/\/www.minutouno.com\/espectaculos\/jey-mammon\/llego-los-martin-fierro-como-lo-recibieron-la-fiesta-n5766064\" target=\"_blank\" rel=\"noreferrer noopener\">estar\u00eda presente en los premios Mart\u00edn Fierro 2023, lo que termin\u00f3 cumpliendo<\/a>&nbsp;para sorpresa de muchos.<\/p>\n\n\n\n<p>Lo verdaderamente sorprendente fue, en realidad, la actitud de muchos de sus excompa\u00f1eros de ciclo en Telefe. Apenas lleg\u00f3 Jey, casualmente,<strong>&nbsp;las personas que se encontraban en su mesa se levantaron y se fueron a otro lugar, dejando solo a Mamm\u00f3n<\/strong>.<\/p>\n\n\n\n<figure class=\"wp-block-image\"><img decoding=\"async\" src=\"https:\/\/media.minutouno.com\/p\/34c84b808f2af04e3bba6e4f7147ebe7\/adjuntos\/150\/imagenes\/040\/830\/0040830086\/610x0\/smart\/jey-quedo-solo-mfjpg.jpg\" alt=\"\" title=\"\"\/><\/figure>\n\n\n\n<p>Por otro lado,&nbsp;<strong>se pudo ver a J\u00e9sica Cirio&nbsp;<\/strong>sentada al lado de quien fue su compa\u00f1ero en la conducci\u00f3n, pero&nbsp;<strong>muy seria y muy inc\u00f3moda<\/strong>&nbsp;por el momento que estaba viviendo.<\/p>\n","protected":false},"excerpt":{"rendered":"<p>La aparici\u00f3n del exconductor de La Pe\u00f1a de Morfi sorprendi\u00f3 a varios, a pesar de que el m\u00fasico hab\u00eda anunciado su presencia, y muchos decidieron&hellip; <\/p>\n","protected":false},"author":2,"featured_media":981,"comment_status":"open","ping_status":"open","sticky":false,"template":"","format":"standard","meta":{"footnotes":""},"categories":[9,13],"tags":[],"class_list":["post-980","post","type-post","status-publish","format-standard","has-post-thumbnail","hentry","category-destacadas","category-nacionales"],"_links":{"self":[{"href":"https:\/\/lametro989.com\/index.php?rest_route=\/wp\/v2\/posts\/980","targetHints":{"allow":["GET"]}}],"collection":[{"href":"https:\/\/lametro989.com\/index.php?rest_route=\/wp\/v2\/posts"}],"about":[{"href":"https:\/\/lametro989.com\/index.php?rest_route=\/wp\/v2\/types\/post"}],"author":[{"embeddable":true,"href":"https:\/\/lametro989.com\/index.php?rest_route=\/wp\/v2\/users\/2"}],"replies":[{"embeddable":true,"href":"https:\/\/lametro989.com\/index.php?rest_route=%2Fwp%2Fv2%2Fcomments&post=980"}],"version-history":[{"count":1,"href":"https:\/\/lametro989.com\/index.php?rest_route=\/wp\/v2\/posts\/980\/revisions"}],"predecessor-version":[{"id":982,"href":"https:\/\/lametro989.com\/index.php?rest_route=\/wp\/v2\/posts\/980\/revisions\/982"}],"wp:featuredmedia":[{"embeddable":true,"href":"https:\/\/lametro989.com\/index.php?rest_route=\/wp\/v2\/media\/981"}],"wp:attachment":[{"href":"https:\/\/lametro989.com\/index.php?rest_route=%2Fwp%2Fv2%2Fmedia&parent=980"}],"wp:term":[{"taxonomy":"category","embeddable":true,"href":"https:\/\/lametro989.com\/index.php?rest_route=%2Fwp%2Fv2%2Fcategories&post=980"},{"taxonomy":"post_tag","embeddable":true,"href":"https:\/\/lametro989.com\/index.php?rest_route=%2Fwp%2Fv2%2Ftags&post=980"}],"curies":[{"name":"wp","href":"https:\/\/api.w.org\/{rel}","templated":true}]}}