{"id":983,"date":"2023-07-10T08:54:46","date_gmt":"2023-07-10T11:54:46","guid":{"rendered":"https:\/\/lametro989.com\/?p=983"},"modified":"2023-07-10T08:54:46","modified_gmt":"2023-07-10T11:54:46","slug":"el-nombre-de-cecilia-strzyzowski-fue-mencionado-en-los-martin-fierro-es-protagonista-de-esta-realidad","status":"publish","type":"post","link":"https:\/\/lametro989.com\/?p=983","title":{"rendered":"El nombre de Cecilia Strzyzowski fue mencionado en los Mart\u00edn Fierro: &#8220;Es protagonista de esta realidad"},"content":{"rendered":"\n<p>En la gran fiesta de la televisi\u00f3n argentina se entregaron varias estatuillas a lo mejor de la pantalla chica del 2022, fue en ese momento en el que reconocieron a\u00a0<em>Telefe Noticias<\/em>\u00a0como el mejor noticiero nocturno y el nombre de\u00a0<strong>Cecilia Strzyzowski<\/strong>\u00a0fue mencionado por\u00a0<strong>Cristina P\u00e9rez.<\/strong><\/p>\n\n\n\n<figure class=\"wp-block-image size-full\"><img loading=\"lazy\" decoding=\"async\" width=\"850\" height=\"571\" src=\"https:\/\/lametro989.com\/wp-content\/uploads\/2023\/07\/image-14.png\" alt=\"\" class=\"wp-image-984\" srcset=\"https:\/\/lametro989.com\/wp-content\/uploads\/2023\/07\/image-14.png 850w, https:\/\/lametro989.com\/wp-content\/uploads\/2023\/07\/image-14-300x202.png 300w, https:\/\/lametro989.com\/wp-content\/uploads\/2023\/07\/image-14-768x516.png 768w\" sizes=\"auto, (max-width: 850px) 100vw, 850px\" \/><\/figure>\n\n\n\n<p>&#8220;Quiero dedicarles este premio a los protagonistas de nuestro noticiero: los argentinos que sufren la inflaci\u00f3n de m\u00e1s del 100%, los argentinos que sufren la pobreza de m\u00e1s del 40%, los argentinos que sufren la inseguridad, la mam\u00e1 del chico al que balearon al ir a comprar el pan,&nbsp;<strong>la mam\u00e1 de Cecilia en Chaco, ellos son protagonistas de esta realidad todav\u00eda no hab\u00edan sido mencionados esta noche<\/strong>&nbsp;&#8220;, expres\u00f3 la periodista Cristina P\u00e9rez al recibir el premio Mart\u00edn Fierro.<\/p>\n\n\n\n<p>Al recibir la estatuilla, subi\u00f3 gran parte del equipo que forma parte del noticiero, entre ellos\u00a0<strong>Anabella Messina<\/strong>, la cronista que realiz\u00f3 un destacado trabajo en la provincia cubriendo durante varias semanas los avances de la investigaci\u00f3n. <\/p>\n\n\n\n<p>Horas antes, en Resistencia se realiz\u00f3 una nueva movilizaci\u00f3n para pedir justicia por el femicidio de Cecilia y en rechazo de las prisiones domiciliarias, algo que solicit\u00f3 la defensa de&nbsp;<strong>Emerenciano Sena.<\/strong><\/p>\n\n\n\n<p><strong>&#8220;Me interesa que se haga justicia. Si nadie viene a manifestarse va a pasar lo mismo. Van a venir las elecciones, va a volver el poder y vamos a tener a estos movimientos otra vez manej\u00e1ndonos la vida y mat\u00e1ndonos&#8221;,<\/strong>&nbsp;dijo Gloria Romero.<\/p>\n","protected":false},"excerpt":{"rendered":"<p>En la gran fiesta de la televisi\u00f3n argentina se entregaron varias estatuillas a lo mejor de la pantalla chica del 2022, fue en ese momento&hellip; <\/p>\n","protected":false},"author":2,"featured_media":984,"comment_status":"open","ping_status":"open","sticky":false,"template":"","format":"standard","meta":{"footnotes":""},"categories":[9,13],"tags":[],"class_list":["post-983","post","type-post","status-publish","format-standard","has-post-thumbnail","hentry","category-destacadas","category-nacionales"],"_links":{"self":[{"href":"https:\/\/lametro989.com\/index.php?rest_route=\/wp\/v2\/posts\/983","targetHints":{"allow":["GET"]}}],"collection":[{"href":"https:\/\/lametro989.com\/index.php?rest_route=\/wp\/v2\/posts"}],"about":[{"href":"https:\/\/lametro989.com\/index.php?rest_route=\/wp\/v2\/types\/post"}],"author":[{"embeddable":true,"href":"https:\/\/lametro989.com\/index.php?rest_route=\/wp\/v2\/users\/2"}],"replies":[{"embeddable":true,"href":"https:\/\/lametro989.com\/index.php?rest_route=%2Fwp%2Fv2%2Fcomments&post=983"}],"version-history":[{"count":1,"href":"https:\/\/lametro989.com\/index.php?rest_route=\/wp\/v2\/posts\/983\/revisions"}],"predecessor-version":[{"id":985,"href":"https:\/\/lametro989.com\/index.php?rest_route=\/wp\/v2\/posts\/983\/revisions\/985"}],"wp:featuredmedia":[{"embeddable":true,"href":"https:\/\/lametro989.com\/index.php?rest_route=\/wp\/v2\/media\/984"}],"wp:attachment":[{"href":"https:\/\/lametro989.com\/index.php?rest_route=%2Fwp%2Fv2%2Fmedia&parent=983"}],"wp:term":[{"taxonomy":"category","embeddable":true,"href":"https:\/\/lametro989.com\/index.php?rest_route=%2Fwp%2Fv2%2Fcategories&post=983"},{"taxonomy":"post_tag","embeddable":true,"href":"https:\/\/lametro989.com\/index.php?rest_route=%2Fwp%2Fv2%2Ftags&post=983"}],"curies":[{"name":"wp","href":"https:\/\/api.w.org\/{rel}","templated":true}]}}