{"id":986,"date":"2023-07-10T09:30:12","date_gmt":"2023-07-10T12:30:12","guid":{"rendered":"https:\/\/lametro989.com\/?p=986"},"modified":"2023-07-10T09:30:12","modified_gmt":"2023-07-10T12:30:12","slug":"general-san-martin-dos-hechos-delictivos-resueltos-por-el-911","status":"publish","type":"post","link":"https:\/\/lametro989.com\/?p=986","title":{"rendered":"GENERAL SAN MART\u00cdN: DOS HECHOS DELICTIVOS RESUELTOS POR EL 911"},"content":{"rendered":"\n<p><strong>Recuperaron una pala, un inflador, partes de una amoladora y una motocicleta<\/strong> <\/p>\n\n\n\n<figure class=\"wp-block-image size-large\"><img loading=\"lazy\" decoding=\"async\" width=\"634\" height=\"1024\" src=\"https:\/\/lametro989.com\/wp-content\/uploads\/2023\/07\/image-17-634x1024.png\" alt=\"\" class=\"wp-image-989\" srcset=\"https:\/\/lametro989.com\/wp-content\/uploads\/2023\/07\/image-17-634x1024.png 634w, https:\/\/lametro989.com\/wp-content\/uploads\/2023\/07\/image-17-186x300.png 186w, https:\/\/lametro989.com\/wp-content\/uploads\/2023\/07\/image-17-768x1240.png 768w, https:\/\/lametro989.com\/wp-content\/uploads\/2023\/07\/image-17.png 776w\" sizes=\"auto, (max-width: 634px) 100vw, 634px\" \/><\/figure>\n\n\n\n<p>Al mediod\u00eda de hoy, una vecina de las 40 viviendas, adujo que le sustrajeron varias pertenencias de su casa. Los uniformados dependientes de la Divisi\u00f3n 911, tras la intervenci\u00f3n de manera inmediata, lograron poner ante la justicia a un menor de 14 a\u00f1os, quien ten\u00eda en su poder los objetos denunciados.<br>El menor junto a los objetos, fueron traslados a la Comisar\u00eda local, lugar en donde se hizo entrega a su progenitor, conforme lo orden\u00f3 la Unidad de Protecci\u00f3n Integral.<\/p>\n\n\n\n<figure class=\"wp-block-image size-full\"><img loading=\"lazy\" decoding=\"async\" width=\"646\" height=\"716\" src=\"https:\/\/lametro989.com\/wp-content\/uploads\/2023\/07\/image-16.png\" alt=\"\" class=\"wp-image-988\" srcset=\"https:\/\/lametro989.com\/wp-content\/uploads\/2023\/07\/image-16.png 646w, https:\/\/lametro989.com\/wp-content\/uploads\/2023\/07\/image-16-271x300.png 271w\" sizes=\"auto, (max-width: 646px) 100vw, 646px\" \/><\/figure>\n\n\n\n<p>En otro hecho, que ocurri\u00f3 alrededor de las 18:30, cuando un sereno del cementerio de la ciudad, llam\u00f3 al 911 alertando que le hab\u00edan sustra\u00eddo su motocicleta de 125 cilindradas.<br>Inmediatamente el personal policial del 911 acudi\u00f3 al lugar y sobre la Ruta Provincial N\u00ba 90, observ\u00f3 a un ciudadano cruzar ingresar hacia la calle Jos\u00e9 Dip hacia el barrio Industrial. Por ello, lo siguieron y tras varias cuadras abandon\u00f3 el rodado y se dio a la fuga ingresando en los pasillos del lugar.<\/p>\n\n\n\n<p>Los agentes, verificaron la motocicleta y se trataba de la que minutos antes fue sustra\u00edda. La secuestraron y posterior de la acreditaci\u00f3n de propiedad, le entregador al damnificado.<\/p>\n","protected":false},"excerpt":{"rendered":"<p>Recuperaron una pala, un inflador, partes de una amoladora y una motocicleta Al mediod\u00eda de hoy, una vecina de las 40 viviendas, adujo que le&hellip; <\/p>\n","protected":false},"author":2,"featured_media":989,"comment_status":"open","ping_status":"open","sticky":false,"template":"","format":"standard","meta":{"footnotes":""},"categories":[9,2],"tags":[],"class_list":["post-986","post","type-post","status-publish","format-standard","has-post-thumbnail","hentry","category-destacadas","category-provinciales"],"_links":{"self":[{"href":"https:\/\/lametro989.com\/index.php?rest_route=\/wp\/v2\/posts\/986","targetHints":{"allow":["GET"]}}],"collection":[{"href":"https:\/\/lametro989.com\/index.php?rest_route=\/wp\/v2\/posts"}],"about":[{"href":"https:\/\/lametro989.com\/index.php?rest_route=\/wp\/v2\/types\/post"}],"author":[{"embeddable":true,"href":"https:\/\/lametro989.com\/index.php?rest_route=\/wp\/v2\/users\/2"}],"replies":[{"embeddable":true,"href":"https:\/\/lametro989.com\/index.php?rest_route=%2Fwp%2Fv2%2Fcomments&post=986"}],"version-history":[{"count":1,"href":"https:\/\/lametro989.com\/index.php?rest_route=\/wp\/v2\/posts\/986\/revisions"}],"predecessor-version":[{"id":990,"href":"https:\/\/lametro989.com\/index.php?rest_route=\/wp\/v2\/posts\/986\/revisions\/990"}],"wp:featuredmedia":[{"embeddable":true,"href":"https:\/\/lametro989.com\/index.php?rest_route=\/wp\/v2\/media\/989"}],"wp:attachment":[{"href":"https:\/\/lametro989.com\/index.php?rest_route=%2Fwp%2Fv2%2Fmedia&parent=986"}],"wp:term":[{"taxonomy":"category","embeddable":true,"href":"https:\/\/lametro989.com\/index.php?rest_route=%2Fwp%2Fv2%2Fcategories&post=986"},{"taxonomy":"post_tag","embeddable":true,"href":"https:\/\/lametro989.com\/index.php?rest_route=%2Fwp%2Fv2%2Ftags&post=986"}],"curies":[{"name":"wp","href":"https:\/\/api.w.org\/{rel}","templated":true}]}}