{"id":991,"date":"2023-07-10T10:14:04","date_gmt":"2023-07-10T13:14:04","guid":{"rendered":"https:\/\/lametro989.com\/?p=991"},"modified":"2023-07-10T10:14:04","modified_gmt":"2023-07-10T13:14:04","slug":"sube-la-tension-nuclear-corea-del-norte-denuncio-que-ee-uu-llevara-un-submarino-con-misiles-balisticos-hasta-sus-costas","status":"publish","type":"post","link":"https:\/\/lametro989.com\/?p=991","title":{"rendered":"Sube la tensi\u00f3n nuclear:\u00a0Corea del Norte denunci\u00f3 que EE.UU. llevar\u00e1 un submarino con misiles bal\u00edsticos hasta sus costas"},"content":{"rendered":"\n<p>&#8220;De las futuras acciones de Estados Unidos depende que se produzca una situaci\u00f3n extrema en la regi\u00f3n de la pen\u00ednsula coreana que nadie desea&#8221;, declaran desde Pionyang.<\/p>\n\n\n\n<figure class=\"wp-block-image size-large\"><img loading=\"lazy\" decoding=\"async\" width=\"1024\" height=\"553\" src=\"https:\/\/lametro989.com\/wp-content\/uploads\/2023\/07\/image-18-1024x553.png\" alt=\"\" class=\"wp-image-993\" srcset=\"https:\/\/lametro989.com\/wp-content\/uploads\/2023\/07\/image-18-1024x553.png 1024w, https:\/\/lametro989.com\/wp-content\/uploads\/2023\/07\/image-18-300x162.png 300w, https:\/\/lametro989.com\/wp-content\/uploads\/2023\/07\/image-18-768x415.png 768w, https:\/\/lametro989.com\/wp-content\/uploads\/2023\/07\/image-18.png 1160w\" sizes=\"auto, (max-width: 1024px) 100vw, 1024px\" \/><\/figure>\n\n\n\n<p>Las&nbsp;<strong>maniobras militares<\/strong>&nbsp;y&nbsp;<strong>navales de los Estados Unidos<\/strong>&nbsp;frente a las costas de<strong>&nbsp;Corea del Norte<\/strong>&nbsp;se han venido repitiendo pese a las serias&nbsp;<a href=\"https:\/\/www.canal26.com\/internacionales\/habra-dura-respuesta-unificada-de-corea-del-sur-estados-unidos-y-japon-si-corea-del-norte-lanza-su-propio-satelite--343435\" target=\"_blank\" rel=\"noreferrer noopener\">advertencias del r\u00e9gimen que encabeza Kim Jong-Un<\/a>.<\/p>\n\n\n\n<p>Los \u00faltimos meses han marcado el pulso con una&nbsp;<strong>creciente tensi\u00f3n bilateral&nbsp;<\/strong>que va en<strong>&nbsp;permanente aumento<\/strong>&nbsp;y las novedades no son alentadoras, sobre todo luego de la&nbsp;<strong>denuncia<\/strong>&nbsp;lanzada por estas horas por el&nbsp;<strong>gobierno norcoreano<\/strong>.<\/p>\n\n\n\n<blockquote class=\"wp-block-quote is-layout-flow wp-block-quote-is-layout-flow\">\n<p>Con este marco, este lunes el enfrentamiento &#8220;a la distancia&#8221;, con tintes de una aut\u00e9ntica &#8220;guerra fr\u00eda&#8221;, solo sum\u00f3 un nuevo y peligroso episodio.<\/p>\n<\/blockquote>\n\n\n\n<p>Desde&nbsp;<strong>Corea del Norte<\/strong>&nbsp;se ha denunciado<strong>&nbsp;maniobra de Estados Unidos<\/strong>&nbsp;con la intenci\u00f3n de llevar hasta la pen\u00ednsula norcoreana un&nbsp;<strong>submarino lanzamisiles nucleares<\/strong>.&nbsp;As\u00ed, se plantea que una situaci\u00f3n que se acerca notablemente a un&nbsp;<strong>conflicto nuclear.<\/strong><\/p>\n\n\n\n<p>El&nbsp;<a href=\"https:\/\/www.canal26.com\/internacionales\/kim-jong-un-vuelve-a-apoyar-a-vladimir-putin-y-le-propone-una-cooperacion-estrategica-mas-estrecha--344420\" target=\"_blank\" rel=\"noreferrer noopener\">Gobierno comunista norcoreano<\/a>&nbsp;tambi\u00e9n afirm\u00f3 que aviones de reconocimiento estadounidenses violaron recientemente su espacio a\u00e9reo cerca de la costa oriental, citando a un portavoz an\u00f3nimo de su&nbsp;<strong>Ministerio de Defensa Nacional&nbsp;<\/strong>en un comunicado difundido por la agencia oficial de noticias KCNA.<\/p>\n\n\n\n<p><strong>&#8220;No hay garant\u00edas de que no se produzca un incidente en el que un avi\u00f3n de reconocimiento estrat\u00e9gico de las fuerzas a\u00e9reas estadounidenses sea derribado sobre el Mar del Este&#8221;<\/strong>, afirm\u00f3 el portavoz.<\/p>\n\n\n\n<p><img decoding=\"async\" src=\"https:\/\/www.canal26.com\/media\/image\/2023\/07\/10\/551167.jpg\" alt=\"Kim Jong-Un, l\u00edder de Corea del Norte. Foto: NA.\"><strong><em>Kim Jong-Un, l\u00edder de Corea del Norte. Foto: NA.<\/em><\/strong><\/p>\n\n\n\n<h2 class=\"wp-block-heading\">Otros episodios de tensi\u00f3n bilateral<\/h2>\n\n\n\n<p>El comunicado citaba incidentes anteriores en los que el<strong>&nbsp;Norte&nbsp;<\/strong>derrib\u00f3 o<strong>&nbsp;intercept\u00f3 aviones estadounidenses en la frontera con Corea del Sur y frente a la costa<\/strong>.&nbsp;<strong>Corea del Norte<\/strong>&nbsp;se ha quejado a menudo de los vuelos de vigilancia estadounidenses cerca de la pen\u00ednsula.<\/p>\n\n\n\n<p>Los movimientos de Estados Unidos para introducir activos nucleares estrat\u00e9gicos en la pen\u00ednsula coreana son un flagrante chantaje nuclear contra&nbsp;<strong>Corea del Norte&nbsp;<\/strong>y los pa\u00edses de la regi\u00f3n y suponen una&nbsp;<strong>grave amenaza para la paz<\/strong>.<\/p>\n\n\n\n<p><strong>&#8220;De las futuras acciones de Estados Unidos depende que se produzca una situaci\u00f3n extrema en la regi\u00f3n de la pen\u00ednsula coreana que nadie desea, y Estados Unidos ser\u00e1 plenamente responsable si se produce cualquier situaci\u00f3n inesperada&#8221;<\/strong>, afirm\u00f3.&nbsp;El mes pasado lleg\u00f3 al&nbsp;<strong>puerto de Busan, en Corea del Sur<\/strong>, un submarino de misiles de crucero de propulsi\u00f3n nuclear estadounidense.<\/p>\n\n\n\n<p>En abril, los<strong>&nbsp;l\u00edderes de Corea del Sur y Estados Unidos<\/strong>&nbsp;acordaron que un<strong>&nbsp;submarino de misiles bal\u00edsticos de propulsi\u00f3n nuclear de la Armada estadounidense visitar\u00eda Corea del Sur<\/strong>&nbsp;por primera vez desde la d\u00e9cada de 1980, pero no se ha dado un calendario.&nbsp;Forma parte de un plan para potenciar el despliegue de activos estrat\u00e9gicos estadounidenses destinado a dar una respuesta m\u00e1s eficaz a las amenazas y pruebas armament\u00edsticas de&nbsp;<strong>Corea del Norte&nbsp;<\/strong>en defensa&nbsp;<strong>Corea del Sur<\/strong>.<\/p>\n","protected":false},"excerpt":{"rendered":"<p>&#8220;De las futuras acciones de Estados Unidos depende que se produzca una situaci\u00f3n extrema en la regi\u00f3n de la pen\u00ednsula coreana que nadie desea&#8221;, declaran&hellip; <\/p>\n","protected":false},"author":2,"featured_media":993,"comment_status":"open","ping_status":"open","sticky":false,"template":"","format":"standard","meta":{"footnotes":""},"categories":[5],"tags":[],"class_list":["post-991","post","type-post","status-publish","format-standard","has-post-thumbnail","hentry","category-politica"],"_links":{"self":[{"href":"https:\/\/lametro989.com\/index.php?rest_route=\/wp\/v2\/posts\/991","targetHints":{"allow":["GET"]}}],"collection":[{"href":"https:\/\/lametro989.com\/index.php?rest_route=\/wp\/v2\/posts"}],"about":[{"href":"https:\/\/lametro989.com\/index.php?rest_route=\/wp\/v2\/types\/post"}],"author":[{"embeddable":true,"href":"https:\/\/lametro989.com\/index.php?rest_route=\/wp\/v2\/users\/2"}],"replies":[{"embeddable":true,"href":"https:\/\/lametro989.com\/index.php?rest_route=%2Fwp%2Fv2%2Fcomments&post=991"}],"version-history":[{"count":1,"href":"https:\/\/lametro989.com\/index.php?rest_route=\/wp\/v2\/posts\/991\/revisions"}],"predecessor-version":[{"id":994,"href":"https:\/\/lametro989.com\/index.php?rest_route=\/wp\/v2\/posts\/991\/revisions\/994"}],"wp:featuredmedia":[{"embeddable":true,"href":"https:\/\/lametro989.com\/index.php?rest_route=\/wp\/v2\/media\/993"}],"wp:attachment":[{"href":"https:\/\/lametro989.com\/index.php?rest_route=%2Fwp%2Fv2%2Fmedia&parent=991"}],"wp:term":[{"taxonomy":"category","embeddable":true,"href":"https:\/\/lametro989.com\/index.php?rest_route=%2Fwp%2Fv2%2Fcategories&post=991"},{"taxonomy":"post_tag","embeddable":true,"href":"https:\/\/lametro989.com\/index.php?rest_route=%2Fwp%2Fv2%2Ftags&post=991"}],"curies":[{"name":"wp","href":"https:\/\/api.w.org\/{rel}","templated":true}]}}