{"id":995,"date":"2023-07-10T10:20:54","date_gmt":"2023-07-10T13:20:54","guid":{"rendered":"https:\/\/lametro989.com\/?p=995"},"modified":"2023-07-10T10:20:54","modified_gmt":"2023-07-10T13:20:54","slug":"conmocion-en-cordoba-una-adolescente-de-15-anos-murio-tras-ser-atacada-por-dos-perros-dogos","status":"publish","type":"post","link":"https:\/\/lametro989.com\/?p=995","title":{"rendered":"Conmoci\u00f3n en C\u00f3rdoba | Una adolescente de 15 a\u00f1os muri\u00f3 tras ser atacada por dos perros dogos"},"content":{"rendered":"\n<p>El hecho ocurri\u00f3 durante la jornada del domingo, cuando la joven sac\u00f3 a pasear a su mascota. Los perros, propiedad de un vecino de la zona, incitaron al ataque y lastimaron gravemente a la menor, perfor\u00e1ndole varias arterias que le provoc\u00f3 dos paros cardiorrespiratorios.<\/p>\n\n\n\n<figure class=\"wp-block-image size-full\"><img loading=\"lazy\" decoding=\"async\" width=\"600\" height=\"370\" src=\"https:\/\/lametro989.com\/wp-content\/uploads\/2023\/07\/image-19.png\" alt=\"\" class=\"wp-image-996\" srcset=\"https:\/\/lametro989.com\/wp-content\/uploads\/2023\/07\/image-19.png 600w, https:\/\/lametro989.com\/wp-content\/uploads\/2023\/07\/image-19-300x185.png 300w\" sizes=\"auto, (max-width: 600px) 100vw, 600px\" \/><\/figure>\n\n\n\n<p>Tremendo suceso se vivi\u00f3 este domingo en las calles del barrio Estaci\u00f3n Flores de la capital cordobesa, cuando una adolescente de 15 a\u00f1os fue la v\u00edctima fatal de dos perros dogos, pertenecientes a un vecino.<\/p>\n\n\n\n<p>Trinidad fue asistida por personal del servicio de emergencias 107 y trasladada hacia el Hospital de Urgencias donde en horas de la madrugada de este lunes dej\u00f3 de existir.<\/p>\n\n\n\n<p>La muchacha sufri\u00f3 lesiones en su rostro, cabeza y cuello, adem\u00e1s de la perforaci\u00f3n de arterias que la llevaron a perder mucha sangre. \u201cLleg\u00f3 al hospital luego de haber sufrido dos paros cardiorrespiratorios\u201d, sostuvo la t\u00eda de la joven en di\u00e1logo con medios locales.<\/p>\n\n\n\n<p>Los animales, tras la agresi\u00f3n, se introdujeron en el interior de un domicilio para continuar con su ataque contra otro perro. Fue el due\u00f1o de esta vivienda quien tom\u00f3 una cuchilla de carnicero, sali\u00f3 en defensa de su mascota y de su familia, y puso fin a lo que podr\u00eda haber sido una masacre.<\/p>\n\n\n\n<p>Luego de atacar a la joven v\u00edctima, los perros ingresaron con mucha furia al living de la casa de otro vecino para atacar a un perro. Fue en ese marco que el due\u00f1o de la casa, para evitar un desastre a\u00fan mayor, tom\u00f3 su cuchilla y puso fin al drama. Los canes quedaron tendidos sin vida y bajo un ba\u00f1o de sangre.<\/p>\n\n\n\n<blockquote class=\"wp-block-quote is-layout-flow wp-block-quote-is-layout-flow\">\n<h2 class=\"wp-block-heading\"><strong>&#8220;Tom\u00e9 la cuchilla y les di un par de chuzazos&#8221;,<\/strong>&nbsp;cont\u00f3 Maximiliano a\u00fan consternado, al tiempo que se\u00f1al\u00f3 que actu\u00f3 de esa manera &#8220;por la adrenalina que ten\u00eda&#8221;.&nbsp;<strong>&#8220;Sab\u00eda que deb\u00eda defender a mi familia. Ese fue el coraje&#8221;<\/strong>, indic\u00f3.<\/h2>\n<\/blockquote>\n\n\n\n<p>Maximiliano afirm\u00f3 que el due\u00f1o de los dogos ya ten\u00eda entre seis y siete denuncias previas: &#8220;Nadie hizo nada&#8221;, se quej\u00f3.<\/p>\n\n\n\n<p>Por \u00faltimo, sostuvo que los perros estaban entrenados para matar ya que &#8220;los trajeron del campo&#8221;.<\/p>\n","protected":false},"excerpt":{"rendered":"<p>El hecho ocurri\u00f3 durante la jornada del domingo, cuando la joven sac\u00f3 a pasear a su mascota. Los perros, propiedad de un vecino de la&hellip; <\/p>\n","protected":false},"author":2,"featured_media":996,"comment_status":"open","ping_status":"open","sticky":false,"template":"","format":"standard","meta":{"footnotes":""},"categories":[9,13],"tags":[],"class_list":["post-995","post","type-post","status-publish","format-standard","has-post-thumbnail","hentry","category-destacadas","category-nacionales"],"_links":{"self":[{"href":"https:\/\/lametro989.com\/index.php?rest_route=\/wp\/v2\/posts\/995","targetHints":{"allow":["GET"]}}],"collection":[{"href":"https:\/\/lametro989.com\/index.php?rest_route=\/wp\/v2\/posts"}],"about":[{"href":"https:\/\/lametro989.com\/index.php?rest_route=\/wp\/v2\/types\/post"}],"author":[{"embeddable":true,"href":"https:\/\/lametro989.com\/index.php?rest_route=\/wp\/v2\/users\/2"}],"replies":[{"embeddable":true,"href":"https:\/\/lametro989.com\/index.php?rest_route=%2Fwp%2Fv2%2Fcomments&post=995"}],"version-history":[{"count":1,"href":"https:\/\/lametro989.com\/index.php?rest_route=\/wp\/v2\/posts\/995\/revisions"}],"predecessor-version":[{"id":997,"href":"https:\/\/lametro989.com\/index.php?rest_route=\/wp\/v2\/posts\/995\/revisions\/997"}],"wp:featuredmedia":[{"embeddable":true,"href":"https:\/\/lametro989.com\/index.php?rest_route=\/wp\/v2\/media\/996"}],"wp:attachment":[{"href":"https:\/\/lametro989.com\/index.php?rest_route=%2Fwp%2Fv2%2Fmedia&parent=995"}],"wp:term":[{"taxonomy":"category","embeddable":true,"href":"https:\/\/lametro989.com\/index.php?rest_route=%2Fwp%2Fv2%2Fcategories&post=995"},{"taxonomy":"post_tag","embeddable":true,"href":"https:\/\/lametro989.com\/index.php?rest_route=%2Fwp%2Fv2%2Ftags&post=995"}],"curies":[{"name":"wp","href":"https:\/\/api.w.org\/{rel}","templated":true}]}}