{"id":998,"date":"2023-07-10T11:44:12","date_gmt":"2023-07-10T14:44:12","guid":{"rendered":"https:\/\/lametro989.com\/?p=998"},"modified":"2023-07-10T11:44:12","modified_gmt":"2023-07-10T14:44:12","slug":"la-fiscalia-incorporo-las-cartas-de-marcela-acuna-al-expediente-y-habra-una-guardia-especial-por-el-caso-de-cecilia","status":"publish","type":"post","link":"https:\/\/lametro989.com\/?p=998","title":{"rendered":"La Fiscal\u00eda incorpor\u00f3 las cartas de Marcela Acu\u00f1a al expediente y habr\u00e1 una guardia especial por el caso de Cecilia"},"content":{"rendered":"\n<p>As\u00ed lo informaron los abogados querellantes en la causa, Juan Arregin y Gustavo Briend, luego de una reuni\u00f3n que mantuvieron <\/p>\n\n\n\n<figure class=\"wp-block-image size-full\"><img loading=\"lazy\" decoding=\"async\" width=\"800\" height=\"579\" src=\"https:\/\/lametro989.com\/wp-content\/uploads\/2023\/07\/image-20.png\" alt=\"\" class=\"wp-image-999\" srcset=\"https:\/\/lametro989.com\/wp-content\/uploads\/2023\/07\/image-20.png 800w, https:\/\/lametro989.com\/wp-content\/uploads\/2023\/07\/image-20-300x217.png 300w, https:\/\/lametro989.com\/wp-content\/uploads\/2023\/07\/image-20-768x556.png 768w\" sizes=\"auto, (max-width: 800px) 100vw, 800px\" \/><\/figure>\n\n\n\n<p> Este lunes por la ma\u00f1ana,\u00a0<strong>Gloria Romero<\/strong>\u00a0se reuni\u00f3 en la Fiscal\u00eda junto con los abogados querellantes para escuchar las novedades de la causa de su hija<strong>\u00a0Cecilia Strzyzowski.<\/strong> <\/p>\n\n\n\n<p>Los letrados explicaron a los medios de comunicaci\u00f3n que habr\u00e1 una guardia especial en la Fiscal\u00eda durante el receso de invierno, previsto del 17 al 28 de julio.<strong>&nbsp;Esta se encontrar\u00e1 a disposici\u00f3n por si se encuentran pruebas eventuales o nuevos avances en la causa durante esas fechas.&nbsp;<\/strong><\/p>\n\n\n\n<p>Por otra parte, se refirieron tambi\u00e9n a las recientes cartas de Marcela Acu\u00f1a en donde realiz\u00f3 un descargo sobre la situaci\u00f3n y carg\u00f3 sobre una supuesta responsabilidad de su hijo C\u00e9sar Sena en la muerte de la joven de 28 a\u00f1os.&nbsp;<\/p>\n\n\n\n<p>&#8220;Las cartas &#8211; de Marcela- fueron incorporados al expediente, pero por ahora no tienen valor probatorio, es irrelevante&#8221;, dijo Gustavo Briend. Por su lado, Juan Arregin explic\u00f3 que para la mujer acusada &#8220;se design\u00f3 una defensora oficial hasta que ella elija un abogado de confianza como una forma de que tampoco haya planteos respecto de lo que es la indefensi\u00f3n&#8221;.&nbsp;<\/p>\n\n\n\n<h2 class=\"wp-block-heading\">GLORIA ROMERO<\/h2>\n\n\n\n<p><strong>&#8220;Es todo lo que espero: no a la domiciliaria&#8221;<\/strong>, asegur\u00f3 Gloria Romero, quien tambi\u00e9n adelant\u00f3 que el 16 de julio estar\u00e1 en Buenos Aires en la Casa Chaco. Esto se dio luego de que la contacten Madres del Dolor, una organizaci\u00f3n conformada por &#8220;gente que tambi\u00e9n perdi\u00f3 familiares y tienen causas que no procedieron&#8221;.&nbsp;<ins><\/ins><\/p>\n\n\n\n<p>En este aspecto, Romero remarc\u00f3 que las convocatorias y acciones que realizan no forman parte de una &#8220;persecuci\u00f3n pol\u00edtica, es una persecuci\u00f3n de una madre&#8221;.&nbsp;<\/p>\n","protected":false},"excerpt":{"rendered":"<p>As\u00ed lo informaron los abogados querellantes en la causa, Juan Arregin y Gustavo Briend, luego de una reuni\u00f3n que mantuvieron Este lunes por la ma\u00f1ana,\u00a0Gloria&hellip; <\/p>\n","protected":false},"author":2,"featured_media":999,"comment_status":"open","ping_status":"open","sticky":false,"template":"","format":"standard","meta":{"footnotes":""},"categories":[9,2],"tags":[],"class_list":["post-998","post","type-post","status-publish","format-standard","has-post-thumbnail","hentry","category-destacadas","category-provinciales"],"_links":{"self":[{"href":"https:\/\/lametro989.com\/index.php?rest_route=\/wp\/v2\/posts\/998","targetHints":{"allow":["GET"]}}],"collection":[{"href":"https:\/\/lametro989.com\/index.php?rest_route=\/wp\/v2\/posts"}],"about":[{"href":"https:\/\/lametro989.com\/index.php?rest_route=\/wp\/v2\/types\/post"}],"author":[{"embeddable":true,"href":"https:\/\/lametro989.com\/index.php?rest_route=\/wp\/v2\/users\/2"}],"replies":[{"embeddable":true,"href":"https:\/\/lametro989.com\/index.php?rest_route=%2Fwp%2Fv2%2Fcomments&post=998"}],"version-history":[{"count":1,"href":"https:\/\/lametro989.com\/index.php?rest_route=\/wp\/v2\/posts\/998\/revisions"}],"predecessor-version":[{"id":1000,"href":"https:\/\/lametro989.com\/index.php?rest_route=\/wp\/v2\/posts\/998\/revisions\/1000"}],"wp:featuredmedia":[{"embeddable":true,"href":"https:\/\/lametro989.com\/index.php?rest_route=\/wp\/v2\/media\/999"}],"wp:attachment":[{"href":"https:\/\/lametro989.com\/index.php?rest_route=%2Fwp%2Fv2%2Fmedia&parent=998"}],"wp:term":[{"taxonomy":"category","embeddable":true,"href":"https:\/\/lametro989.com\/index.php?rest_route=%2Fwp%2Fv2%2Fcategories&post=998"},{"taxonomy":"post_tag","embeddable":true,"href":"https:\/\/lametro989.com\/index.php?rest_route=%2Fwp%2Fv2%2Ftags&post=998"}],"curies":[{"name":"wp","href":"https:\/\/api.w.org\/{rel}","templated":true}]}}